{"id":962,"date":"2022-07-24T14:18:40","date_gmt":"2022-07-24T14:18:40","guid":{"rendered":"http:\/\/www.holger-montag.de\/?p=962"},"modified":"2022-07-24T14:18:40","modified_gmt":"2022-07-24T14:18:40","slug":"ostdeutschland-liegt-rechts-auf-der-karte-teil-5","status":"publish","type":"post","link":"https:\/\/holger-montag.de\/?p=962","title":{"rendered":"Ostdeutschland liegt rechts auf der Karte (Teil 5)"},"content":{"rendered":"<p>Bekannterma\u00dfen zieht sich der gegenw\u00e4rtige Rechtsruck durch ganz Europa. Die gem\u00e4\u00dfigte Politik duldete und verharmloste lange Zeit verfassungsfeindliche Tendenzen. Zu denen auch die Querdenker-Bewegung gez\u00e4hlt werden darf, auch wenn sie nicht per se rechtsradikal ausgerichtet war. In ihrem Bestreben, den Staat und seine Corona-Ma\u00dfnahmen zu diskreditieren, war ihr aber jedes Mittel\u00a0 &#8211; ja, genau \u2013 recht.<\/p>\n<h2>Klare Kante<\/h2>\n<p>Verfassungsfeindliche Gruppierungen durften unverhohlen die Demokratie verh\u00f6hnen und deren Abschaffung fordern. Die rechtsextreme Partei \u201eIII. Weg\u201c forderte auf Wahlplakaten \u201eH\u00e4ngt die Gr\u00fcnen!\u201c, was die Staatsanwaltschaft Zwickau als eine Art k\u00fcnstlerische Freiheit in Sachen Wahlslogans interpretierte. Wie cool, wie locker.<\/p>\n<p>Nein. Lediglich naiv. Denn vielerorts bl\u00fchen Fremdenhass und Gewaltbereitschaft, Andersdenkende werden verbal und auch k\u00f6rperlich attackiert. W\u00e4hrend sich die Politik an gendergerechter Sprache, Integration und Gleichstellung abm\u00fcht, sieht sie dabei zu, wie ein Teil der Bev\u00f6lkerung sich abspaltet und einen Staat im Staat zu gr\u00fcnden versucht.<\/p>\n<p>Klare Kante w\u00e4re nun gefordert. Nein, eigentlich schon lange. Doch die ist nicht unsere St\u00e4rke. Viel zu viele Missst\u00e4nde haben sich aufget\u00fcrmt, &#8211; von Renten- und Arbeitslosenreform \u00fcber Pflegenotstand bis hin zu Technologie und Klimaschutz -, viele kamen hinzu, Stichwort: Maut und Maskendeals.<\/p>\n<h2>Der Kreis schlie\u00dft sich<\/h2>\n<p>Dass Kanzler Olaf Scholz chronisch \u00fcberfordert scheint und den Eindruck erweckt, sich nicht einmal beim Belag seines Pausenbrotes klar entscheiden zu k\u00f6nnen, macht die Sache nicht besser. Aber vielleicht haben wir es auch nicht anders verdient. Die Alternative sind Hardliner wie S\u00f6der und Merz. Kleine Regenten mit autokratischen Z\u00fcgen. Viele Deutsche w\u00fcnschen sich inzwischen eine harte Hand statt Kuschelkurs.<\/p>\n<p>Womit sich der Kreis schlie\u00dft. Vielleicht, so denken wohl manche Deutsche, ist eine Autokratie ja gar nicht so verkehrt. Man wei\u00df genau, was man sagen darf und was nicht. Es gibt eng gesteckte Regeln und wenig Freiheit, aber daf\u00fcr muss man nicht so viel nachdenken und immer andere in die eigenen \u00dcberlegungen miteinbeziehen.<\/p>\n<p>Ein bisschen DDR also. Nach dem Motto: Lieber 9 qm Rasen ganz f\u00fcr mich als ein vereintes Europa. Oder zumindest ein vereintes Deutschland. Wom\u00f6glich auch noch mit Integration und Toleranz. Das w\u00fcrde doch \u2026 na ja, irgendwas w\u00fcrde das ganz sicher T\u00fcr und Tor \u00f6ffnen. Nein, lieber nicht.<\/p>\n<p style=\"text-align: center;\">\u2295 \u2295 \u2295<\/p>\n<hr \/>\n<p><em>Als Freelancer recherchiere ich regelm\u00e4\u00dfig zu gesellschaftlichen Themen und verfasse im Auftrag Dritter Sachtexte wie diesen. Falls auch Sie einen Ghostwriter f\u00fcr Texte suchen, kontaktieren Sie mich einfach \u00fcber den Men\u00fcpunkt Freelancer Text.<\/em><\/p>\n","protected":false},"excerpt":{"rendered":"<p>Bekannterma\u00dfen zieht sich der gegenw\u00e4rtige Rechtsruck durch ganz Europa. Die gem\u00e4\u00dfigte Politik duldete und verharmloste lange Zeit verfassungsfeindliche Tendenzen. Zu denen auch die Querdenker-Bewegung gez\u00e4hlt werden darf, auch wenn sie nicht per se rechtsradikal ausgerichtet war. In ihrem Bestreben, den Staat und seine Corona-Ma\u00dfnahmen zu diskreditieren, war ihr aber jedes Mittel\u00a0 &#8211; ja, genau \u2013 &hellip; <\/p>\n<p class=\"link-more\"><a href=\"https:\/\/holger-montag.de\/?p=962\" class=\"more-link\"><span class=\"screen-reader-text\">\u201eOstdeutschland liegt rechts auf der Karte (Teil 5)\u201c<\/span> weiterlesen<\/a><\/p>\n","protected":false},"author":1,"featured_media":0,"comment_status":"open","ping_status":"open","sticky":false,"template":"","format":"standard","meta":{"footnotes":""},"categories":[53],"tags":[153,67,155,154,151,149,150,148,71,152,134,84,147,146,144,145,97],"class_list":["post-962","post","type-post","status-publish","format-standard","hentry","category-gesellschaft","tag-autokratie","tag-corona","tag-ddr","tag-demokratie","tag-ostdeutsche","tag-ostdeutschland","tag-osten","tag-pegida","tag-politik","tag-protest","tag-putin","tag-querdenker","tag-rechtsextrem","tag-rechtsradikal","tag-rechtsradikalismus","tag-rechtsruck","tag-ukraine"],"_links":{"self":[{"href":"https:\/\/holger-montag.de\/index.php?rest_route=\/wp\/v2\/posts\/962","targetHints":{"allow":["GET"]}}],"collection":[{"href":"https:\/\/holger-montag.de\/index.php?rest_route=\/wp\/v2\/posts"}],"about":[{"href":"https:\/\/holger-montag.de\/index.php?rest_route=\/wp\/v2\/types\/post"}],"author":[{"embeddable":true,"href":"https:\/\/holger-montag.de\/index.php?rest_route=\/wp\/v2\/users\/1"}],"replies":[{"embeddable":true,"href":"https:\/\/holger-montag.de\/index.php?rest_route=%2Fwp%2Fv2%2Fcomments&post=962"}],"version-history":[{"count":1,"href":"https:\/\/holger-montag.de\/index.php?rest_route=\/wp\/v2\/posts\/962\/revisions"}],"predecessor-version":[{"id":963,"href":"https:\/\/holger-montag.de\/index.php?rest_route=\/wp\/v2\/posts\/962\/revisions\/963"}],"wp:attachment":[{"href":"https:\/\/holger-montag.de\/index.php?rest_route=%2Fwp%2Fv2%2Fmedia&parent=962"}],"wp:term":[{"taxonomy":"category","embeddable":true,"href":"https:\/\/holger-montag.de\/index.php?rest_route=%2Fwp%2Fv2%2Fcategories&post=962"},{"taxonomy":"post_tag","embeddable":true,"href":"https:\/\/holger-montag.de\/index.php?rest_route=%2Fwp%2Fv2%2Ftags&post=962"}],"curies":[{"name":"wp","href":"https:\/\/api.w.org\/{rel}","templated":true}]}}