{"id":960,"date":"2022-07-24T14:16:14","date_gmt":"2022-07-24T14:16:14","guid":{"rendered":"http:\/\/www.holger-montag.de\/?p=960"},"modified":"2022-07-24T14:16:14","modified_gmt":"2022-07-24T14:16:14","slug":"ostdeutschland-liegt-rechts-auf-der-karte-teil-4","status":"publish","type":"post","link":"https:\/\/holger-montag.de\/?p=960","title":{"rendered":"Ostdeutschland liegt rechts auf der Karte (Teil 4)"},"content":{"rendered":"<p>Wo solche Stimmung herrscht, fl\u00fcchten diejenigen, die anders denken. Gerade junge Intellektuelle verlassen Ostdeutschland, sobald sie das Geld f\u00fcr eine Fahrkarte zusammengespart haben. Zur\u00fcck bleiben die \u00e4lteren Generationen, die das alles fr\u00fcher irgendwie besser fanden, weil da wenigstens die ganze Familie zusammen war.<\/p>\n<h2>Wie soll die Zukunft unserer Kinder aussehen?<\/h2>\n<p>Es bleiben die Nationalisten, die sich ein halbes Land als Spielwiese erobert haben und den Platz der Weggezogenen einnehmen. Mit deren Eltern Kaffee trinken und ihnen erkl\u00e4ren, dass ihre Kinder wegen all der Ausl\u00e4nder oder der Bundespolitik in die Stadt gezogen seien.<\/p>\n<p>Und es bleiben die J\u00fcngsten. Die in einer Atmosph\u00e4re des D\u00fcnkels und der Ressentiments aufwachsen. Sich an den gesellschaftlichen und politischen Str\u00f6mungen orientieren, die am lautesten auf sich aufmerksam machen. Denen es in einem solchem Umfeld immer schwerer fallen d\u00fcrfte, tolerant und weltoffen zu bleiben.<\/p>\n<p>Dem sollten wir entgegenwirken. Durch mehr Aufmerksamkeit und wirkende Ma\u00dfnahmen seitens des Bundes. Vor allem aber durch aktive Gegenwehr im Osten. Denn jeder B\u00fcrger hat es zu einem gro\u00dfen Teil auch selbst in der Hand, in welcher Welt seine Kinder gro\u00df werden und welches Weltbild sie entwickeln.<\/p>\n<h2>Quo vadis?<\/h2>\n<p>F\u00f6rdern und fordern, so lautet das Grundprinzip hinter staatlichen Sozialleistungen. Es trifft auch auf unsere Gesellschaft zu, in diesem Fall speziell auf Ostdeutschland. Wer soll euch vor demokratiefeindlichen Kr\u00e4ften bewahren, wenn ihr sie okay findet? Wer vor eurer Haust\u00fcr investieren, wenn er die Atmosph\u00e4re als bedrohlich und die politische Lage als instabil empfindet?<\/p>\n<p>Wir alle nehmen Einfluss auf unser Land. So oder so. Wer aus Protest den Rechtsstaat abw\u00e4hlt, entscheidet sich aktiv gegen all das, was ihn besch\u00fctzt. Und sucht nach neuen starken Armen, die diese Funktion erf\u00fcllen. Was liegt da n\u00e4her, als diejenigen zu w\u00e4hlen, die am lautesten schreien und ihrem Unmut auch schon mal durch allzu markige Worte und Gewalt Luft verschaffen?<\/p>\n<p>Einer Allensbach-Umfrage aus dem Jahr 2019 zufolge bef\u00fcrworten nur noch 42 Prozent der Ostdeutschen die Demokratie in ihrer jetzigen Form. Das ist deutlich. Eine andere Studie ergab, dass jeder f\u00fcnfte ostdeutsche Jugendliche sich einen autokratischen Staat w\u00fcnsche. Muss uns da wirklich verwundern, dass Putin im Osten besser ankommt als im Westen?<\/p>\n<p>&nbsp;<\/p>\n<p>***Das mag ja sein, sagen Sie, aber die Politik zeigt keinen Weg auf? Teil 5 schlie\u00dft das Thema ab.***<\/p>\n<hr \/>\n<p><em>Als Freelancer recherchiere ich regelm\u00e4\u00dfig zu gesellschaftlichen Themen und verfasse im Auftrag Dritter Sachtexte wie diesen. Falls auch Sie einen Ghostwriter f\u00fcr Texte suchen, kontaktieren Sie mich einfach \u00fcber den Men\u00fcpunkt Freelancer Text.<\/em><\/p>\n","protected":false},"excerpt":{"rendered":"<p>Wo solche Stimmung herrscht, fl\u00fcchten diejenigen, die anders denken. Gerade junge Intellektuelle verlassen Ostdeutschland, sobald sie das Geld f\u00fcr eine Fahrkarte zusammengespart haben. Zur\u00fcck bleiben die \u00e4lteren Generationen, die das alles fr\u00fcher irgendwie besser fanden, weil da wenigstens die ganze Familie zusammen war. Wie soll die Zukunft unserer Kinder aussehen? Es bleiben die Nationalisten, die &hellip; <\/p>\n<p class=\"link-more\"><a href=\"https:\/\/holger-montag.de\/?p=960\" class=\"more-link\"><span class=\"screen-reader-text\">\u201eOstdeutschland liegt rechts auf der Karte (Teil 4)\u201c<\/span> weiterlesen<\/a><\/p>\n","protected":false},"author":1,"featured_media":0,"comment_status":"open","ping_status":"open","sticky":false,"template":"","format":"standard","meta":{"footnotes":""},"categories":[53],"tags":[153,67,155,154,151,149,150,148,71,152,134,84,147,146,144,145,97],"class_list":["post-960","post","type-post","status-publish","format-standard","hentry","category-gesellschaft","tag-autokratie","tag-corona","tag-ddr","tag-demokratie","tag-ostdeutsche","tag-ostdeutschland","tag-osten","tag-pegida","tag-politik","tag-protest","tag-putin","tag-querdenker","tag-rechtsextrem","tag-rechtsradikal","tag-rechtsradikalismus","tag-rechtsruck","tag-ukraine"],"_links":{"self":[{"href":"https:\/\/holger-montag.de\/index.php?rest_route=\/wp\/v2\/posts\/960","targetHints":{"allow":["GET"]}}],"collection":[{"href":"https:\/\/holger-montag.de\/index.php?rest_route=\/wp\/v2\/posts"}],"about":[{"href":"https:\/\/holger-montag.de\/index.php?rest_route=\/wp\/v2\/types\/post"}],"author":[{"embeddable":true,"href":"https:\/\/holger-montag.de\/index.php?rest_route=\/wp\/v2\/users\/1"}],"replies":[{"embeddable":true,"href":"https:\/\/holger-montag.de\/index.php?rest_route=%2Fwp%2Fv2%2Fcomments&post=960"}],"version-history":[{"count":1,"href":"https:\/\/holger-montag.de\/index.php?rest_route=\/wp\/v2\/posts\/960\/revisions"}],"predecessor-version":[{"id":961,"href":"https:\/\/holger-montag.de\/index.php?rest_route=\/wp\/v2\/posts\/960\/revisions\/961"}],"wp:attachment":[{"href":"https:\/\/holger-montag.de\/index.php?rest_route=%2Fwp%2Fv2%2Fmedia&parent=960"}],"wp:term":[{"taxonomy":"category","embeddable":true,"href":"https:\/\/holger-montag.de\/index.php?rest_route=%2Fwp%2Fv2%2Fcategories&post=960"},{"taxonomy":"post_tag","embeddable":true,"href":"https:\/\/holger-montag.de\/index.php?rest_route=%2Fwp%2Fv2%2Ftags&post=960"}],"curies":[{"name":"wp","href":"https:\/\/api.w.org\/{rel}","templated":true}]}}