{"id":948,"date":"2022-07-20T01:31:48","date_gmt":"2022-07-20T01:31:48","guid":{"rendered":"http:\/\/www.holger-montag.de\/?p=948"},"modified":"2022-08-24T18:04:34","modified_gmt":"2022-08-24T18:04:34","slug":"autoren-haenderingend-gesucht-fortsetzung","status":"publish","type":"post","link":"https:\/\/holger-montag.de\/?p=948","title":{"rendered":"&#8222;Autoren h\u00e4nderingend gesucht.&#8220; -Fortsetzung-"},"content":{"rendered":"<p>Nein, noch lange nicht. Denn an dieser Stelle folgt in der Regel noch das \u00fcbliche eierlegendewollmilchsaum\u00e4\u00dfige Anforderungsprofil, bestehend aus mindestens 5 Jahren Projektleitererfahrung in Kombination mit einem Einstiegsjahresgehalt von &lt; 30.000 EUR.<\/p>\n<h2>Wo ist das Problem?<\/h2>\n<p>Angeblich sucht die Branche (worunter man bis vor einiger Zeit noch Agenturen mit wortgewaltigen Mitarbeitern verstand) h\u00e4nderingend nach Autoren, die ein fehlerfreies und frisches Deutsch einzusetzen wissen und nebenbei \u00fcber die n\u00f6tige Empathie verf\u00fcgen, um sich in die jeweils gew\u00fcnschte und passende Tonalit\u00e4t eingrooven zu k\u00f6nnen.<\/p>\n<p>Wie man man seit Jahren liest, sind solche Mitarbeiter vom Aussterben bedroht, werden sie abgeworben, umschmeichelt und zum Bleiben \u00fcberredet. Vermittlungsagenturen rei\u00dfen sich um die wenigen verf\u00fcgbaren Texter, deren Bestand durch die Tatsache ausged\u00fcnnt wird, dass viele Unternehmen eigene Autoren besch\u00e4ftigen, statt wie bislang Agenturen mit Wortbeitr\u00e4gen zu beauftragen.<\/p>\n<h2>Was sucht ihr eigentlich?<\/h2>\n<p>Aber erf\u00fcllen wirklich viele dieser Autoren auch nur ann\u00e4hernd die laut Stellenbeschreibung geforderten Bedingungen? Die vielen Voraussetzungen sind kaum durch einen einzelnen Bewerber zu befriedigen. Macht aber nix, immerhin bietet das \u00dcberspringen jeden Unterpunktes dem Arbeitgeber die M\u00f6glichkeit, das sp\u00e4tere Zielgehalt zu dr\u00fccken. Schlie\u00dflich fehlen ja wichtige, im Jobprofil definierte Qualit\u00e4ten.<\/p>\n<p>Liebe Recruiter da drau\u00dfen, \u00fcberlegt euch doch bitte vor dem Verfassen eurer Ausschreibung, ob ihr einen Texter, einen Content Manager, einen Social Media-Beauftragten, einen Grafiker oder einen Projektleiter sucht. All das in Personalunion zu verlangen und potentielle Bewerber zu verschrecken ist vermutlich nicht sehr hilfreich bei eurer Suche.<\/p>\n<h2>Remote tut Not<\/h2>\n<p>Es gibt n\u00e4mlich verdammt gute Texter da drau\u00dfen. Man muss nur wissen, wie man sie erreicht und was man ihnen bieten sollte. Homeoffice zum Beispiel. Doch das entwickelt sich bei vielen Arbeitgebern zum Unwort, gerade so, als h\u00e4tten sie in den letzten beiden Homeoffice-Jahren nicht Rekordums\u00e4tze gemacht. Elon Musk l\u00e4sst gr\u00fc\u00dfen.<\/p>\n<p>Remote zu arbeiten ist zeitgem\u00e4\u00df und in einer global handelnden Gesellschaft eigentlich Grundvoraussetzung vieler Jobs. F\u00fcr einen Texter ist es n\u00e4mlich unerheblich, ob sein Auftraggeber in Berlin oder Buxtehude, Bern oder Bali sitzt. Seine fertigen Beitr\u00e4ge sind in Sekundenbruchteilen am Ziel, bitte sch\u00f6n!<\/p>\n<h2>Keine Villa, sondern Freiraum<\/h2>\n<p>F\u00fcr t\u00e4gliche Besprechungen gibt es Online-Meetings\u00a0 und Telefon. Einmal im Vierteljahr sieht man sich zur Terminplanung und gemeinsamem Brainstorming am runden Tisch. In Berlin oder Buxtehude. So kann Arbeit heute aussehen und so l\u00e4sst man seinen Textern den n\u00f6tigen Freiraum f\u00fcr kreative Prozesse.<\/p>\n<p>Stattdessen werden noch immer Obstk\u00f6rbe und veganer Brotaufstrich als Benefits verkauft &#8211; oder das schicke neue B\u00fcro in der Jugendstilvilla am anderen Ende der Republik. Wer nicht dorthin ziehen m\u00f6chte oder kann, muss mal eben 700 km pendeln &#8211; oder, wahrscheinlicher, bewirbt sich gar nicht erst.<\/p>\n","protected":false},"excerpt":{"rendered":"<p>Nein, noch lange nicht. Denn an dieser Stelle folgt in der Regel noch das \u00fcbliche eierlegendewollmilchsaum\u00e4\u00dfige Anforderungsprofil, bestehend aus mindestens 5 Jahren Projektleitererfahrung in Kombination mit einem Einstiegsjahresgehalt von &lt; 30.000 EUR. Wo ist das Problem? Angeblich sucht die Branche (worunter man bis vor einiger Zeit noch Agenturen mit wortgewaltigen Mitarbeitern verstand) h\u00e4nderingend nach Autoren, &hellip; <\/p>\n<p class=\"link-more\"><a href=\"https:\/\/holger-montag.de\/?p=948\" class=\"more-link\"><span class=\"screen-reader-text\">\u201e&#8222;Autoren h\u00e4nderingend gesucht.&#8220; -Fortsetzung-\u201c<\/span> weiterlesen<\/a><\/p>\n","protected":false},"author":1,"featured_media":0,"comment_status":"open","ping_status":"open","sticky":false,"template":"","format":"standard","meta":{"footnotes":""},"categories":[11,120,53],"tags":[123,139,143,128,140],"class_list":["post-948","post","type-post","status-publish","format-standard","hentry","category-arbeitsleben","category-autorendasein","category-gesellschaft","tag-autor","tag-job","tag-jobbeschreibung","tag-schriftsteller","tag-texter"],"_links":{"self":[{"href":"https:\/\/holger-montag.de\/index.php?rest_route=\/wp\/v2\/posts\/948","targetHints":{"allow":["GET"]}}],"collection":[{"href":"https:\/\/holger-montag.de\/index.php?rest_route=\/wp\/v2\/posts"}],"about":[{"href":"https:\/\/holger-montag.de\/index.php?rest_route=\/wp\/v2\/types\/post"}],"author":[{"embeddable":true,"href":"https:\/\/holger-montag.de\/index.php?rest_route=\/wp\/v2\/users\/1"}],"replies":[{"embeddable":true,"href":"https:\/\/holger-montag.de\/index.php?rest_route=%2Fwp%2Fv2%2Fcomments&post=948"}],"version-history":[{"count":3,"href":"https:\/\/holger-montag.de\/index.php?rest_route=\/wp\/v2\/posts\/948\/revisions"}],"predecessor-version":[{"id":953,"href":"https:\/\/holger-montag.de\/index.php?rest_route=\/wp\/v2\/posts\/948\/revisions\/953"}],"wp:attachment":[{"href":"https:\/\/holger-montag.de\/index.php?rest_route=%2Fwp%2Fv2%2Fmedia&parent=948"}],"wp:term":[{"taxonomy":"category","embeddable":true,"href":"https:\/\/holger-montag.de\/index.php?rest_route=%2Fwp%2Fv2%2Fcategories&post=948"},{"taxonomy":"post_tag","embeddable":true,"href":"https:\/\/holger-montag.de\/index.php?rest_route=%2Fwp%2Fv2%2Ftags&post=948"}],"curies":[{"name":"wp","href":"https:\/\/api.w.org\/{rel}","templated":true}]}}