{"id":943,"date":"2022-06-17T16:09:26","date_gmt":"2022-06-17T16:09:26","guid":{"rendered":"http:\/\/www.holger-montag.de\/?p=943"},"modified":"2022-08-24T18:05:14","modified_gmt":"2022-08-24T18:05:14","slug":"bye-bye-pflege-teil-5","status":"publish","type":"post","link":"https:\/\/holger-montag.de\/?p=943","title":{"rendered":"Bye bye Pflege (Teil 5)"},"content":{"rendered":"<p>Dazu m\u00fcssen Pflegeberufe allerdings k\u00fcnftig mehr Anreize bieten. Bereits heute fehlen in Pflegeheimen 120.000 zus\u00e4tzliche Vollzeit- oder 200.000 Teilzeitstellen, wie der Gesundheits\u00f6konom Prof. Heinz Rothgang vom SOCIUM Forschungszentrum der Universit\u00e4t Bremen im Auftrag der Pflegekassen, Sozialhilfetr\u00e4ger und Berufsverb\u00e4nde errechnet hat. &#8222;Der Markt ist komplett leer gefegt&#8220;, so sein Fazit. &#8222;Die andere H\u00e4lfte des Notstands ist aber, dass es im Pflegebereich viel zu wenig Stellen gibt.&#8220;<\/p>\n<h2>Der Mindestbedarf muss gedeckt werden<\/h2>\n<p>Diesem Manko tr\u00e4gt man mit dem Gesundheitsversorgungs- und Pflegeverbesserungsgesetz (GPVG) Rechnung, welches einen Bundeszuschuss von 5 Milliarden Euro f\u00fcr die gesetzliche Krankenversicherung (GKV) und die Schaffung von 20.000 zus\u00e4tzlichen Stellen f\u00fcr Pflegehilfskr\u00e4fte vorsieht. Es st\u00fctzt sich auf ein Verfahren zur Errechnung des Personalbedarfs in Pflegeeinrichtungen, das am SOCIUM Forschungszentrum erarbeitet wurde.<\/p>\n<p>Rasches Handeln ist n\u00f6tig, wie Studien beweisen. So hat das Berliner Zentrum f\u00fcr Qualit\u00e4t in der Pflege (ZQP) deutschlandweit knapp 2.000 Pflegeexperten aus Pflegeheimen und ambulanten Diensten befragt, inwieweit sich deren Arbeitsbedingungen w\u00e4hrend der Corona-Pandemie verschlechtert haben. 40 Prozent der Befragten klagten \u00fcber eine Zunahme der k\u00f6rperlichen Belastung. Die psychische Belastung sei gar um bis zu 65 Prozent gestiegen. Grund f\u00fcr die Mehrbelastung in der station\u00e4ren Pflege seien zus\u00e4tzliche Aufgaben, die im Zuge der Pandemie angefallen seien.<\/p>\n<h2>Nur jede 5. Stelle wird besetzt<\/h2>\n<p>In einer anderen Studie der Hochschule f\u00fcr Angewandte Wissenschaften in Hamburg (HAW) berichteten bis zu 84 Prozent der befragten Pflegekr\u00e4fte von Personalmangel, \u00dcberlastung und dem aus Zeitnot resultierenden Wegfall pflegerischer T\u00e4tigkeiten wie K\u00f6rper- und Mundpflege von Patienten oder der Vorbeugung von Thrombosen oder Infektionen. Dar\u00fcber hinaus gehen zwei Drittel der Pflegenden t\u00e4glich mit der Angst zur Arbeit, sich und ihre eigene Familie mit dem Corona-Virus anzustecken.<\/p>\n<p>Sch\u00e4tzungen zufolge entfielen auch vor der Pandemie auf 100 freie Stellen in der Altenpflege gerade mal 27 Bewerber. Am Ende wird nur jede f\u00fcnfte Stelle besetzt. Und das dauert im Durchschnitt ein halbes Jahr. Sechs Monate, in denen Patienten schlechter versorgt werden, als es ihnen zusteht. In denen Pflegekr\u00e4fte t\u00e4glich ein Plus auf ihre Schicht packen, ein Plus an Arbeit, an Zeit, an Menschlichkeit, an W\u00fcrde.<\/p>\n<p>Es ist an der Zeit, dieses Plus zu honorieren. In Form von zus\u00e4tzlichen Pflegekr\u00e4ften, von besserer Aus- und Fortbildung, h\u00f6heren L\u00f6hnen und beruflichen Perspektiven. In Form von Respekt.<\/p>\n<p style=\"text-align: center;\">\u2295 \u2295 \u2295<\/p>\n<p>&nbsp;<\/p>\n<hr \/>\n<p><em>Als Freelancer recherchiere ich regelm\u00e4\u00dfig zu gesellschaftlichen Themen und verfasse im Auftrag Dritter Sachtexte wie diesen. Falls auch Sie einen Ghostwriter f\u00fcr Texte suchen, kontaktieren Sie mich einfach \u00fcber den Men\u00fcpunkt Freelancer Text.<\/em><\/p>\n","protected":false},"excerpt":{"rendered":"<p>Dazu m\u00fcssen Pflegeberufe allerdings k\u00fcnftig mehr Anreize bieten. Bereits heute fehlen in Pflegeheimen 120.000 zus\u00e4tzliche Vollzeit- oder 200.000 Teilzeitstellen, wie der Gesundheits\u00f6konom Prof. Heinz Rothgang vom SOCIUM Forschungszentrum der Universit\u00e4t Bremen im Auftrag der Pflegekassen, Sozialhilfetr\u00e4ger und Berufsverb\u00e4nde errechnet hat. &#8222;Der Markt ist komplett leer gefegt&#8220;, so sein Fazit. &#8222;Die andere H\u00e4lfte des Notstands ist &hellip; <\/p>\n<p class=\"link-more\"><a href=\"https:\/\/holger-montag.de\/?p=943\" class=\"more-link\"><span class=\"screen-reader-text\">\u201eBye bye Pflege (Teil 5)\u201c<\/span> weiterlesen<\/a><\/p>\n","protected":false},"author":1,"featured_media":0,"comment_status":"open","ping_status":"open","sticky":false,"template":"","format":"standard","meta":{"footnotes":""},"categories":[11,53,156],"tags":[132,82,50,49,65,60,133,64,83,63,55,58,56,48],"class_list":["post-943","post","type-post","status-publish","format-standard","hentry","category-arbeitsleben","category-gesellschaft","category-pflege","tag-altenpflege","tag-auslaendische-pflegekraefte","tag-beruf","tag-berufung","tag-gesundheitsbereich","tag-gesundheitswesen","tag-krankenpflege","tag-pflege","tag-pflegebranche","tag-pflegeheim","tag-pflegekraefte","tag-pflegenotstand","tag-pflegewesen","tag-sinnsuche"],"_links":{"self":[{"href":"https:\/\/holger-montag.de\/index.php?rest_route=\/wp\/v2\/posts\/943","targetHints":{"allow":["GET"]}}],"collection":[{"href":"https:\/\/holger-montag.de\/index.php?rest_route=\/wp\/v2\/posts"}],"about":[{"href":"https:\/\/holger-montag.de\/index.php?rest_route=\/wp\/v2\/types\/post"}],"author":[{"embeddable":true,"href":"https:\/\/holger-montag.de\/index.php?rest_route=\/wp\/v2\/users\/1"}],"replies":[{"embeddable":true,"href":"https:\/\/holger-montag.de\/index.php?rest_route=%2Fwp%2Fv2%2Fcomments&post=943"}],"version-history":[{"count":1,"href":"https:\/\/holger-montag.de\/index.php?rest_route=\/wp\/v2\/posts\/943\/revisions"}],"predecessor-version":[{"id":944,"href":"https:\/\/holger-montag.de\/index.php?rest_route=\/wp\/v2\/posts\/943\/revisions\/944"}],"wp:attachment":[{"href":"https:\/\/holger-montag.de\/index.php?rest_route=%2Fwp%2Fv2%2Fmedia&parent=943"}],"wp:term":[{"taxonomy":"category","embeddable":true,"href":"https:\/\/holger-montag.de\/index.php?rest_route=%2Fwp%2Fv2%2Fcategories&post=943"},{"taxonomy":"post_tag","embeddable":true,"href":"https:\/\/holger-montag.de\/index.php?rest_route=%2Fwp%2Fv2%2Ftags&post=943"}],"curies":[{"name":"wp","href":"https:\/\/api.w.org\/{rel}","templated":true}]}}