{"id":940,"date":"2022-06-10T14:18:20","date_gmt":"2022-06-10T14:18:20","guid":{"rendered":"http:\/\/www.holger-montag.de\/?p=940"},"modified":"2022-08-24T18:05:29","modified_gmt":"2022-08-24T18:05:29","slug":"bye-bye-pflege-teil-4","status":"publish","type":"post","link":"https:\/\/holger-montag.de\/?p=940","title":{"rendered":"Bye bye Pflege (Teil 4)"},"content":{"rendered":"<p>Die Realit\u00e4t sieht derzeit anders aus. W\u00e4hrend der Pandemie wurden im Pflegebereich teilweise Arbeitszeit- und Schutzgesetze sowie Pflegepersonal-Untergrenzen ausgesetzt, um Mehrarbeit und durchgearbeitete Wochenenden zu erm\u00f6glichen. Alte, vorerkrankte und sogar positiv getestete Mitarbeiter mussten zum Dienst erscheinen, weil sie nicht abk\u00f6mmlich waren.<\/p>\n<p>Im Berliner Humboldt-Klinikum durften sich die Besch\u00e4ftigten nach einem Ausbruch der Coronavirus-Mutation B.1.1.7. innerhalb einer Pendelquarant\u00e4ne im Januar 2021 nur zwischen der Klinik und ihrem Zuhause bewegen. Essen, schlafen, arbeiten.<\/p>\n<h2>Pflegen statt Fliegen<\/h2>\n<p>Ein anderes bekanntes Berliner Klinikum \u2013 die Charit\u00e9 \u2013 stockte vor\u00fcbergehend den Personalbestand im Pflegedienst durch Flugbegleiterinnen auf, die sich in Kurzarbeit befanden. So konnten Fachpflegekr\u00e4fte entlastet werden und die Intensivstationen unterst\u00fctzen.<\/p>\n<p>Viele L\u00f6sungen sind und waren improvisiert und dem Corona-Virus geschuldet. Doch auch unabh\u00e4ngig vom Pandemiegeschehen fehlt es seit langer Zeit an vielem. An besserer Qualifikation durch Aus- und Fortbildung zum Beispiel oder an der \u00dcbertragung von Verantwortung.<\/p>\n<h2>Qualifizierung als Anreiz<\/h2>\n<p>&#8222;Weil die Pflege ein Assistenzberuf ist, m\u00fcssen \u00c4rzte fast alles erstmal abnicken&#8220;, so die Professorin Henrikje Stanze von der Hochschule Bremen. Da Pflegekr\u00e4fte jedoch eigene Kompetenzbereiche haben, wird an ihrer Fakult\u00e4t seit dem Wintersemester 2019\/2020 Deutschlands erster international anerkannter Vollzeit-Pflegestudiengang angeboten.<\/p>\n<p>Das auf acht Semester ausgelegte Studium mit dem Abschluss Bachelor of Science umfasst Theorie- und Praxisphasen und ein verpflichtendes Auslandssemester. So erhalten Studierende Einblick in die Organisation anderer L\u00e4nder und Wissen \u00fcber dort \u00fcbliche Hilfsmittel und Behandlungsm\u00f6glichkeiten. Da der Studiengang international angelegt ist, k\u00f6nnen auch ausl\u00e4ndische Studierende ihn besuchen \u2013 und so den Einstieg in die deutsche Pflegebranche finden.<\/p>\n<p>&nbsp;<\/p>\n<p>*** Welche Ans\u00e4tze existieren au\u00dferdem? Teil 5 schlie\u00dft das Thema (vorl\u00e4ufig) ab. ***<\/p>\n<hr \/>\n<p><em>Als Freelancer recherchiere ich regelm\u00e4\u00dfig zu gesellschaftlichen Themen und verfasse im Auftrag Dritter Sachtexte wie diesen. Falls auch Sie einen Ghostwriter f\u00fcr Texte suchen, kontaktieren Sie mich einfach \u00fcber den Men\u00fcpunkt Freelancer Text.<\/em><\/p>\n","protected":false},"excerpt":{"rendered":"<p>Die Realit\u00e4t sieht derzeit anders aus. W\u00e4hrend der Pandemie wurden im Pflegebereich teilweise Arbeitszeit- und Schutzgesetze sowie Pflegepersonal-Untergrenzen ausgesetzt, um Mehrarbeit und durchgearbeitete Wochenenden zu erm\u00f6glichen. Alte, vorerkrankte und sogar positiv getestete Mitarbeiter mussten zum Dienst erscheinen, weil sie nicht abk\u00f6mmlich waren. Im Berliner Humboldt-Klinikum durften sich die Besch\u00e4ftigten nach einem Ausbruch der Coronavirus-Mutation B.1.1.7. &hellip; <\/p>\n<p class=\"link-more\"><a href=\"https:\/\/holger-montag.de\/?p=940\" class=\"more-link\"><span class=\"screen-reader-text\">\u201eBye bye Pflege (Teil 4)\u201c<\/span> weiterlesen<\/a><\/p>\n","protected":false},"author":1,"featured_media":0,"comment_status":"open","ping_status":"open","sticky":false,"template":"","format":"standard","meta":{"footnotes":""},"categories":[11,53,156],"tags":[132,81,82,50,49,65,60,139,133,64,83,63,55,58,56,48],"class_list":["post-940","post","type-post","status-publish","format-standard","hentry","category-arbeitsleben","category-gesellschaft","category-pflege","tag-altenpflege","tag-auslaendische-arbeitskraefte","tag-auslaendische-pflegekraefte","tag-beruf","tag-berufung","tag-gesundheitsbereich","tag-gesundheitswesen","tag-job","tag-krankenpflege","tag-pflege","tag-pflegebranche","tag-pflegeheim","tag-pflegekraefte","tag-pflegenotstand","tag-pflegewesen","tag-sinnsuche"],"_links":{"self":[{"href":"https:\/\/holger-montag.de\/index.php?rest_route=\/wp\/v2\/posts\/940","targetHints":{"allow":["GET"]}}],"collection":[{"href":"https:\/\/holger-montag.de\/index.php?rest_route=\/wp\/v2\/posts"}],"about":[{"href":"https:\/\/holger-montag.de\/index.php?rest_route=\/wp\/v2\/types\/post"}],"author":[{"embeddable":true,"href":"https:\/\/holger-montag.de\/index.php?rest_route=\/wp\/v2\/users\/1"}],"replies":[{"embeddable":true,"href":"https:\/\/holger-montag.de\/index.php?rest_route=%2Fwp%2Fv2%2Fcomments&post=940"}],"version-history":[{"count":1,"href":"https:\/\/holger-montag.de\/index.php?rest_route=\/wp\/v2\/posts\/940\/revisions"}],"predecessor-version":[{"id":941,"href":"https:\/\/holger-montag.de\/index.php?rest_route=\/wp\/v2\/posts\/940\/revisions\/941"}],"wp:attachment":[{"href":"https:\/\/holger-montag.de\/index.php?rest_route=%2Fwp%2Fv2%2Fmedia&parent=940"}],"wp:term":[{"taxonomy":"category","embeddable":true,"href":"https:\/\/holger-montag.de\/index.php?rest_route=%2Fwp%2Fv2%2Fcategories&post=940"},{"taxonomy":"post_tag","embeddable":true,"href":"https:\/\/holger-montag.de\/index.php?rest_route=%2Fwp%2Fv2%2Ftags&post=940"}],"curies":[{"name":"wp","href":"https:\/\/api.w.org\/{rel}","templated":true}]}}