{"id":935,"date":"2022-05-22T11:17:36","date_gmt":"2022-05-22T11:17:36","guid":{"rendered":"http:\/\/www.holger-montag.de\/?p=935"},"modified":"2022-08-24T18:06:03","modified_gmt":"2022-08-24T18:06:03","slug":"bye-bye-pflege-teil-2","status":"publish","type":"post","link":"https:\/\/holger-montag.de\/?p=935","title":{"rendered":"Bye bye Pflege (Teil 2)"},"content":{"rendered":"<p>Dies spiegelt die Situation innerhalb der Branche: Einer\u00a0 Untersuchung des Deutschen Berufsverbandes f\u00fcr Pflegeberufe (DBfK) zufolge erw\u00e4gt jede dritte Pflegekraft einen beruflichen Wechsel.<\/p>\n<p>Viele halten nur noch aus Pflichtbewusstsein durch. Sie haben ihren Ausstieg aus der Pflege lediglich auf die Zeit nach Corona aufgeschoben. Die Pandemie beschleunigt also derzeit trotz erschwerter Arbeitsbedingungen den Fachkr\u00e4ftemangel nicht unbedingt, sondern bremst ihn ironischerweise sogar vor\u00fcbergehend ab. Nicht aber den Frust.<\/p>\n<h3>Pflegekr\u00e4fte helfen aus \u00dcberzeugung<\/h3>\n<p>Zwar genie\u00dfen Pflegekr\u00e4fte wegen ihrer engagierten Einstellung zu ihrem Beruf gro\u00dfe Anerkennung innerhalb der Gesellschaft. Sie gelten als &#8222;\u00dcberzeugungst\u00e4ter&#8220;, weil sie ihre Arbeit als sinnvoll und erf\u00fcllend empfinden.<\/p>\n<p>Die physischen und psychischen Belastungen ihres Jobs n\u00f6tigen uns allen viel Respekt ab und w\u00e4ren vielen Menschen in Deutschland selbst bei besserer Bezahlung nicht zumutbar.<\/p>\n<p>Patienten behandeln, Senioren pflegen, Sterbenden die Hand halten. Im Schichtbetrieb und unter oftmals stressigen Voraussetzungen. Dazu seit einem Jahr unter Corona-Bedingungen inklusive erh\u00f6hter Ansteckungsgefahr.<\/p>\n<h3>Ein Stolperstein f\u00fcr die Pflege: Keine einheitlichen L\u00f6hne<\/h3>\n<p>Abhilfe in der Altenpflege h\u00e4tte der zwischen der Gewerkschaft Verdi und dem Arbeitgeberverband BVAP ausgehandelte, fl\u00e4chendeckende Tarifvertrag schaffen k\u00f6nnen.<\/p>\n<p>Um diesen umsetzen zu k\u00f6nnen, w\u00e4re laut Gesetz die Zustimmung der kirchlichen Tr\u00e4ger Caritas und Diakonie erforderlich gewesen, die in der Altenpflege zusammen rund 300.000 und damit mehr als ein Viertel der dort t\u00e4tigen Pflegekr\u00e4fte besch\u00e4ftigen.<\/p>\n<p>W\u00e4hrend sich jedoch die Diakonie eines Votums enthielt, lehnte die Caritas den Antrag auf Allgemeinverbindlichkeit des Tarifvertrags ab. So bleibt also erstmal alles beim Alten.<\/p>\n<h3>Pr\u00e4mie oder Pl\u00e4tzchen?<\/h3>\n<p>Es passt ins Bild, dass in den vergangenen Jahren die Finanzierung der Corona-Pr\u00e4mien erst hei\u00df diskutiert wurde und diese sp\u00e4ter nur einem Teil der unter erh\u00f6hter Gefahr arbeitenden Pflegekr\u00e4fte ausgezahlt wurden.<\/p>\n<p>Ihre Kollegen, in deren Pflegeheim oder Krankenhaus m\u00f6glicherweise ein oder zwei Corona-Patienten weniger versorgt wurden oder die \u00fcber Zeitarbeitsfirmen besch\u00e4ftigt sind, mussten sich derweil mit Applaus, Pl\u00e4tzchen oder Christstollen begn\u00fcgen.<\/p>\n<p>&nbsp;<\/p>\n<p>*** Wie aber k\u00f6nnte man Pflegekr\u00e4fte halten &#8211; und neue hinzugewinnen? Mehr dazu in Teil 3. ***<\/p>\n<hr \/>\n<p>Als Freelancer recherchiere ich regelm\u00e4\u00dfig zu gesellschaftlichen Themen und verfasse im Auftrag Dritter Sachtexte wie diesen. Falls auch Sie einen Ghostwriter f\u00fcr Texte suchen, kontaktieren Sie mich einfach \u00fcber den Men\u00fcpunkt Freelancer Text.<\/p>\n","protected":false},"excerpt":{"rendered":"<p>Dies spiegelt die Situation innerhalb der Branche: Einer\u00a0 Untersuchung des Deutschen Berufsverbandes f\u00fcr Pflegeberufe (DBfK) zufolge erw\u00e4gt jede dritte Pflegekraft einen beruflichen Wechsel. Viele halten nur noch aus Pflichtbewusstsein durch. Sie haben ihren Ausstieg aus der Pflege lediglich auf die Zeit nach Corona aufgeschoben. Die Pandemie beschleunigt also derzeit trotz erschwerter Arbeitsbedingungen den Fachkr\u00e4ftemangel nicht &hellip; <\/p>\n<p class=\"link-more\"><a href=\"https:\/\/holger-montag.de\/?p=935\" class=\"more-link\"><span class=\"screen-reader-text\">\u201eBye bye Pflege (Teil 2)\u201c<\/span> weiterlesen<\/a><\/p>\n","protected":false},"author":1,"featured_media":0,"comment_status":"open","ping_status":"open","sticky":false,"template":"","format":"standard","meta":{"footnotes":""},"categories":[11,53,156],"tags":[132,59,82,50,49,67,65,60,62,133,64,63,55,58,56,48],"class_list":["post-935","post","type-post","status-publish","format-standard","hentry","category-arbeitsleben","category-gesellschaft","category-pflege","tag-altenpflege","tag-anerkennung","tag-auslaendische-pflegekraefte","tag-beruf","tag-berufung","tag-corona","tag-gesundheitsbereich","tag-gesundheitswesen","tag-impfen","tag-krankenpflege","tag-pflege","tag-pflegeheim","tag-pflegekraefte","tag-pflegenotstand","tag-pflegewesen","tag-sinnsuche"],"_links":{"self":[{"href":"https:\/\/holger-montag.de\/index.php?rest_route=\/wp\/v2\/posts\/935","targetHints":{"allow":["GET"]}}],"collection":[{"href":"https:\/\/holger-montag.de\/index.php?rest_route=\/wp\/v2\/posts"}],"about":[{"href":"https:\/\/holger-montag.de\/index.php?rest_route=\/wp\/v2\/types\/post"}],"author":[{"embeddable":true,"href":"https:\/\/holger-montag.de\/index.php?rest_route=\/wp\/v2\/users\/1"}],"replies":[{"embeddable":true,"href":"https:\/\/holger-montag.de\/index.php?rest_route=%2Fwp%2Fv2%2Fcomments&post=935"}],"version-history":[{"count":1,"href":"https:\/\/holger-montag.de\/index.php?rest_route=\/wp\/v2\/posts\/935\/revisions"}],"predecessor-version":[{"id":936,"href":"https:\/\/holger-montag.de\/index.php?rest_route=\/wp\/v2\/posts\/935\/revisions\/936"}],"wp:attachment":[{"href":"https:\/\/holger-montag.de\/index.php?rest_route=%2Fwp%2Fv2%2Fmedia&parent=935"}],"wp:term":[{"taxonomy":"category","embeddable":true,"href":"https:\/\/holger-montag.de\/index.php?rest_route=%2Fwp%2Fv2%2Fcategories&post=935"},{"taxonomy":"post_tag","embeddable":true,"href":"https:\/\/holger-montag.de\/index.php?rest_route=%2Fwp%2Fv2%2Ftags&post=935"}],"curies":[{"name":"wp","href":"https:\/\/api.w.org\/{rel}","templated":true}]}}