{"id":928,"date":"2022-05-10T20:55:30","date_gmt":"2022-05-10T20:55:30","guid":{"rendered":"http:\/\/www.holger-montag.de\/?p=928"},"modified":"2022-08-24T18:06:25","modified_gmt":"2022-08-24T18:06:25","slug":"bye-bye-pflege-teil-1","status":"publish","type":"post","link":"https:\/\/holger-montag.de\/?p=928","title":{"rendered":"Bye bye Pflege (Teil 1)"},"content":{"rendered":"<p>Pflege ist sexy &#8211; so lange sie dem eigenen K\u00f6rper gewidmet ist. Ein gro\u00dfer Teil der t\u00e4glich konsumierten 10.000 Werbebotschaften gilt denn auch diversen Pflege- und Kosmetikprodukten. Durch die Flut dieser sich \u00e4hnelnden Botschaften leiden Konsumenten allerdings mehr und mehr an Werbeblindheit, nehmen sie und die jeweils beworbenen Produkte also l\u00e4ngst nicht mehr bewusst wahr.<\/p>\n<p>Ein Schicksal, das auch die Berichterstattung \u00fcber die <em>andere<\/em> Pflege betrifft. Die, welche sich mit der Betreuung hilfsbed\u00fcrftiger, kranker und alter Menschen besch\u00e4ftigt. Und die gemeinhin nicht als sexy gilt. Die regelm\u00e4\u00dfig in Dokumentarbeitr\u00e4gen, Talk-Shows und unserer Wahrnehmung auftaucht \u2013 und doch wieder in Vergessenheit ger\u00e4t, sogar in der pflegeintensiven Corona-Zeit. In der Berichte \u00fcber erschwerte Arbeitsbedingungen, geplatzte Tarifvertr\u00e4ge und Fachkr\u00e4ftemangel rasch durch andere, aktuellere Informationen ersetzt werden.<\/p>\n<h2>Hilft verdr\u00e4ngen wirklich?<\/h2>\n<p>Vieles spricht daf\u00fcr, dass die meisten von uns fr\u00fcher oder sp\u00e4ter auf die Dienste von Pflegekr\u00e4ften angewiesen sein werden. Diese These wird von den meisten Menschen aber \u00e4hnlich tabuisiert wie die einzige Gewissheit im Leben: Dass alles Lebendige verg\u00e4nglich ist &#8211; und wir alle irgendwann sterben werden.<\/p>\n<p>Dem entsprechend, z\u00e4hlt Pflegebedarf zu den Dingen, die man gemeinhin in den Hinterkopf und aus dem Ged\u00e4chtnis verbannt. Wie die eigene Grabstelle oder das Testament.<\/p>\n<h2>Wenn Promis was machen, ist es wohl wichtig<\/h2>\n<p>Die Moderatoren Joko Winterscheidt und Klaas Heufer-Umlauf machten letztes Jahr mit einer \u00fcber siebenst\u00fcndigen Reportage auf ProSieben das Thema Pflege in den Mittelpunkt ger\u00fcckt und setzten es unter dem Hashtag #Nichtselbstverst\u00e4ndlich auch auf die Tagesordnung sozialer Netzwerke .<\/p>\n<p>Den Senderangaben zufolge sahen allein \u00fcber 17 Millionen j\u00fcngerer Zuschauer die Sendung &#8222;Joko &amp; Klaas gegen ProSieben&#8220;, in dem die Fach-Gesundheits- und Kinderkrankenpflegerin Meike Ista einen Arbeitstag lang mit der Kamera begleitet wurde und viele weitere Pflegende zu Wort kamen.<\/p>\n<p>So simpel die der Sendung zugrunde liegende Idee sein mag, so intensiv wirkte sie: Keine schnellen Schnitte, keine Werbeunterbrechungen: die Zuschauer erlebten den Arbeitsalltag in der Pflege aus der Ich-Perspektive.<\/p>\n<h2>Der Frust w\u00e4chst<\/h2>\n<p>Auch die individuellen Aussagen der eingeblendeten Pflegekr\u00e4fte entwickelten mehr Kraft als jede Statistik. Sie berichteten von ihrem Engagement und ihrer beruflichen Motivation, aber auch von altbekannten und neueren Missst\u00e4nden im Pflegebereich.<\/p>\n<p>Manche von ihnen glauben nach Jahren des Anmahnens und Abwartens nicht mehr an deren Abhilfe. 9.000 ihrer Kollegen haben im Verlauf des letzten Jahres die Konsequenzen gezogen und ihren Pflegeberuf gek\u00fcndigt.<\/p>\n<p>&nbsp;<\/p>\n<p>*** M\u00fcssen wir uns also k\u00fcnftig selbst pflegen? Teil 2 gibt Auskunft. ***<\/p>\n<hr \/>\n<p><em>Als Freelancer recherchiere ich regelm\u00e4\u00dfig zu gesellschaftlichen Themen und verfasse im Auftrag Dritter Sachtexte wie diesen. Falls auch Sie einen Ghostwriter f\u00fcr Texte suchen, kontaktieren Sie mich einfach \u00fcber den Men\u00fcpunkt Freelancer Text.<\/em><\/p>\n","protected":false},"excerpt":{"rendered":"<p>Pflege ist sexy &#8211; so lange sie dem eigenen K\u00f6rper gewidmet ist. Ein gro\u00dfer Teil der t\u00e4glich konsumierten 10.000 Werbebotschaften gilt denn auch diversen Pflege- und Kosmetikprodukten. Durch die Flut dieser sich \u00e4hnelnden Botschaften leiden Konsumenten allerdings mehr und mehr an Werbeblindheit, nehmen sie und die jeweils beworbenen Produkte also l\u00e4ngst nicht mehr bewusst wahr. &hellip; <\/p>\n<p class=\"link-more\"><a href=\"https:\/\/holger-montag.de\/?p=928\" class=\"more-link\"><span class=\"screen-reader-text\">\u201eBye bye Pflege (Teil 1)\u201c<\/span> weiterlesen<\/a><\/p>\n","protected":false},"author":1,"featured_media":0,"comment_status":"open","ping_status":"open","sticky":false,"template":"","format":"standard","meta":{"footnotes":""},"categories":[11,53,156],"tags":[132,81,82,50,49,65,60,133,64,83,63,55,58,56,48],"class_list":["post-928","post","type-post","status-publish","format-standard","hentry","category-arbeitsleben","category-gesellschaft","category-pflege","tag-altenpflege","tag-auslaendische-arbeitskraefte","tag-auslaendische-pflegekraefte","tag-beruf","tag-berufung","tag-gesundheitsbereich","tag-gesundheitswesen","tag-krankenpflege","tag-pflege","tag-pflegebranche","tag-pflegeheim","tag-pflegekraefte","tag-pflegenotstand","tag-pflegewesen","tag-sinnsuche"],"_links":{"self":[{"href":"https:\/\/holger-montag.de\/index.php?rest_route=\/wp\/v2\/posts\/928","targetHints":{"allow":["GET"]}}],"collection":[{"href":"https:\/\/holger-montag.de\/index.php?rest_route=\/wp\/v2\/posts"}],"about":[{"href":"https:\/\/holger-montag.de\/index.php?rest_route=\/wp\/v2\/types\/post"}],"author":[{"embeddable":true,"href":"https:\/\/holger-montag.de\/index.php?rest_route=\/wp\/v2\/users\/1"}],"replies":[{"embeddable":true,"href":"https:\/\/holger-montag.de\/index.php?rest_route=%2Fwp%2Fv2%2Fcomments&post=928"}],"version-history":[{"count":1,"href":"https:\/\/holger-montag.de\/index.php?rest_route=\/wp\/v2\/posts\/928\/revisions"}],"predecessor-version":[{"id":929,"href":"https:\/\/holger-montag.de\/index.php?rest_route=\/wp\/v2\/posts\/928\/revisions\/929"}],"wp:attachment":[{"href":"https:\/\/holger-montag.de\/index.php?rest_route=%2Fwp%2Fv2%2Fmedia&parent=928"}],"wp:term":[{"taxonomy":"category","embeddable":true,"href":"https:\/\/holger-montag.de\/index.php?rest_route=%2Fwp%2Fv2%2Fcategories&post=928"},{"taxonomy":"post_tag","embeddable":true,"href":"https:\/\/holger-montag.de\/index.php?rest_route=%2Fwp%2Fv2%2Ftags&post=928"}],"curies":[{"name":"wp","href":"https:\/\/api.w.org\/{rel}","templated":true}]}}