{"id":918,"date":"2022-05-03T13:39:38","date_gmt":"2022-05-03T13:39:38","guid":{"rendered":"http:\/\/www.holger-montag.de\/?p=918"},"modified":"2022-08-24T18:06:49","modified_gmt":"2022-08-24T18:06:49","slug":"corona-to-go","status":"publish","type":"post","link":"https:\/\/holger-montag.de\/?p=918","title":{"rendered":"Corona to go"},"content":{"rendered":"<p>Und wieder eine neue Idee im Kampf gegen Corona. Abschaffung der Quarant\u00e4ne f\u00fcr Kontaktpersonen und deren Reduzierung auf f\u00fcnf Tage f\u00fcr infizierte Personen. Freitesten? Ach was, kalter Kaffee. Genesende 2.0 haben es drauf, sich selbst zu diagnostizieren. Quarant\u00e4ne &gt; 5 Tage nur bei schweren, anhaltenden Symptomen. Alles klar?<\/p>\n<h2>Django testet heute nicht<\/h2>\n<p>Nicht wirklich. Was sind denn schwere Symptome und wo zieht man da eine Grenze? Bislang galten Husten, Niedergeschlagenheit, eine dauerhaft laufende Nase und ein rauer Hals als m\u00f6gliche Corona-Symptome. Die aber empfindet ja jeder Mensch anders. W\u00e4hrend Kollege A auch in der Zeit vor Corona schon beim kleinsten Kr\u00e4chzen zum Arzt lief, schleppt sich Kollegin B seit eh und je mit Grippe zur Arbeit und l\u00e4sterte \u00fcber M\u00e4nnerschnupfen.<\/p>\n<p>So also wird es in Zukunft wieder sein. Vorbei die Zeiten, in denen man Corona eine gr\u00f6\u00dfere Gefahr f\u00fcr die Gesundheit bescheinigte und damit eine gr\u00f6\u00dfere Bedeutung beima\u00df als einer Erk\u00e4ltung oder Grippe. Merke: Bei einer Erk\u00e4ltung l\u00e4sst man sich krank schreiben. Bei Corona geht man einfach wieder arbeiten, wenn man weitgehend symptomfrei bleibt. Schon deshalb, weil man sonst m\u00f6glicherweise \u00c4rger mit den Vorgesetzten bekommt.<\/p>\n<h2>Ein bisschen Spa\u00df muss sein<\/h2>\n<p>Lebt euch aus und sorgt euch nicht l\u00e4nger, dies scheint uns die Regierung mit ihrem Radikalschwenk sagen zu wollen. Zumindest der Teil von ihr, der nicht als Minister im Gesundheitsministerium sitzt und weiterhin vor der n\u00e4chsten Welle mahnt.<\/p>\n<p>Nicht wenige Fachleute warnen vor diesen Wellen und Varianten. Im Herbst erwartet man einen Anstieg der Infektionen, Intensivpatienten und Sterbef\u00e4lle. Aber bis dahin wird man ja wohl noch seinen Spa\u00df haben d\u00fcrfen, gerade in Zeiten wie diesen, in denen unklar ist, ob nicht doch noch ein Weltkrieg oder zumindest eine funktionslose Heizung droht.<\/p>\n<h2>Gesundheitspolitik? Welche Ges&#8230;?<\/h2>\n<p>Ist die Abkehr von Tests und Quarant\u00e4ne die neue Normalit\u00e4t, von der so oft die Rede ist? Oder blo\u00df eine Zwischenepisode im Trauerspiel Gesundheitspolitik, in dem man es innerhalb von 2 Jahren nicht nur vers\u00e4umt hat, ein funktionierendes Konzept gegen Neuinfektionen zu entwickeln, sondern auch einen Plan B f\u00fcr weitere Lockdowns, die immerhin m\u00f6glich sind.<\/p>\n<p>Und es au\u00dferdem schaffte, einem Teil der ohnehin viel zu wenigen Pflegefachkr\u00e4fte in Deutschland die letzte Motivation zu nehmen. Durch Hinhaltetaktik, falsch verteilte und eher symbolische Pr\u00e4mien, Ignoranz. Von bis zu 20% Berufsaussteigern ist die Rede, das wahre Ausma\u00df wird wohl erst mit der Zeit zum Vorschein kommen.<\/p>\n<p>Wohl dem, dem Pflege erspart bleibt.<\/p>\n<p>&nbsp;<\/p>\n","protected":false},"excerpt":{"rendered":"<p>Und wieder eine neue Idee im Kampf gegen Corona. Abschaffung der Quarant\u00e4ne f\u00fcr Kontaktpersonen und deren Reduzierung auf f\u00fcnf Tage f\u00fcr infizierte Personen. Freitesten? Ach was, kalter Kaffee. Genesende 2.0 haben es drauf, sich selbst zu diagnostizieren. Quarant\u00e4ne &gt; 5 Tage nur bei schweren, anhaltenden Symptomen. Alles klar? Django testet heute nicht Nicht wirklich. Was &hellip; <\/p>\n<p class=\"link-more\"><a href=\"https:\/\/holger-montag.de\/?p=918\" class=\"more-link\"><span class=\"screen-reader-text\">\u201eCorona to go\u201c<\/span> weiterlesen<\/a><\/p>\n","protected":false},"author":1,"featured_media":0,"comment_status":"open","ping_status":"open","sticky":false,"template":"","format":"standard","meta":{"footnotes":""},"categories":[53,156],"tags":[82,67,65,60,89,64,63,55,58,56],"class_list":["post-918","post","type-post","status-publish","format-standard","hentry","category-gesellschaft","category-pflege","tag-auslaendische-pflegekraefte","tag-corona","tag-gesundheitsbereich","tag-gesundheitswesen","tag-lauterbach","tag-pflege","tag-pflegeheim","tag-pflegekraefte","tag-pflegenotstand","tag-pflegewesen"],"_links":{"self":[{"href":"https:\/\/holger-montag.de\/index.php?rest_route=\/wp\/v2\/posts\/918","targetHints":{"allow":["GET"]}}],"collection":[{"href":"https:\/\/holger-montag.de\/index.php?rest_route=\/wp\/v2\/posts"}],"about":[{"href":"https:\/\/holger-montag.de\/index.php?rest_route=\/wp\/v2\/types\/post"}],"author":[{"embeddable":true,"href":"https:\/\/holger-montag.de\/index.php?rest_route=\/wp\/v2\/users\/1"}],"replies":[{"embeddable":true,"href":"https:\/\/holger-montag.de\/index.php?rest_route=%2Fwp%2Fv2%2Fcomments&post=918"}],"version-history":[{"count":1,"href":"https:\/\/holger-montag.de\/index.php?rest_route=\/wp\/v2\/posts\/918\/revisions"}],"predecessor-version":[{"id":919,"href":"https:\/\/holger-montag.de\/index.php?rest_route=\/wp\/v2\/posts\/918\/revisions\/919"}],"wp:attachment":[{"href":"https:\/\/holger-montag.de\/index.php?rest_route=%2Fwp%2Fv2%2Fmedia&parent=918"}],"wp:term":[{"taxonomy":"category","embeddable":true,"href":"https:\/\/holger-montag.de\/index.php?rest_route=%2Fwp%2Fv2%2Fcategories&post=918"},{"taxonomy":"post_tag","embeddable":true,"href":"https:\/\/holger-montag.de\/index.php?rest_route=%2Fwp%2Fv2%2Ftags&post=918"}],"curies":[{"name":"wp","href":"https:\/\/api.w.org\/{rel}","templated":true}]}}