{"id":909,"date":"2022-04-08T21:10:21","date_gmt":"2022-04-08T21:10:21","guid":{"rendered":"http:\/\/www.holger-montag.de\/?p=909"},"modified":"2022-08-24T18:07:07","modified_gmt":"2022-08-24T18:07:07","slug":"finde-den-fehler","status":"publish","type":"post","link":"https:\/\/holger-montag.de\/?p=909","title":{"rendered":"Finde den Fehler"},"content":{"rendered":"<p>Frage: Wie geht eine Anmache \u00e0 la Lauterbach? Antwort: &#8222;Soll ich dir mal meine Absagen-Sammlung zeigen?&#8220;<\/p>\n<p>So, nun ist also die n\u00e4chste Impfpflicht gescheitert. Zuerst waren es die Deutschen, also gesamt. Lausige Impfquote, die sich totlief. Da halfen irgendwann auch Gratisw\u00fcrstchen nichts mehr. F\u00fcr impfverweigernde Senioren h\u00e4tte man mindestens ein Viertel Schwarzw\u00e4lder Kirsch und einen Eierlik\u00f6r drauflegen m\u00fcssen. Aber das Budget gab das nach den Spahn&#8217;schen Maskendeals nicht mehr her.<\/p>\n<h2>Dann eben die<\/h2>\n<p>Dann waren die Pflegekr\u00e4fte dran. Die sind eh schlecht auf ihren Gesundheitsminister zu sprechen, da kann man noch eine Schippe drauflegen. Doch nicht sie, sondern ihre Arbeitgeber wehrten sich gegen eine Impfpflicht. Zu gro\u00df sei der Personalmangel schon heute, man k\u00f6nne es sich nicht leisten, die Pflegekr\u00e4fte zu irgendwas zu zwingen. Am Ende machten die noch Ernst und setzten ihre langj\u00e4hrigen Drohungen um, den Job zu wechseln.<\/p>\n<p>Nun also die Senioren. Nicht mal die darf man zwangsweise impfen, obwohl es doch zu ihrem eigenen Schutz w\u00e4re. Es ist ein Trauerspiel.<\/p>\n<h2>Lauterbach vs. Lauterbach<\/h2>\n<p>Man fragt sich, ob Professor Karl Lauterbach selbst noch an den Sinn seiner Hauruckaktionen glaubt. \u00dcberall lockert Deutschland seine Regeln, verbrennen Menschen ihre Masken wie seinerzeit die Feministinnen ihre BHs, feiern Discos den Freedom Day mit einem Countdown. Und fordert ein gewisser Minister Karl Lauterbach eine freiwillige Quarant\u00e4ne, w\u00e4hrend ein gewisser Minister Karl Lauterbach eine Impfpflicht f\u00fcr irgendwen fordert.<\/p>\n<p>Wer kommt als n\u00e4chstes dran? Teenager? Raumpfleger? Kinder unter 6 Jahren? Kleintiere? Es ist traurig, dass die eigentlich von den meisten Deutschen als sinnvoll betrachtete Impfung durch immer neue, aussichtslose Vorst\u00f6\u00dfe diskreditiert wird. Der Gesundheitsminister hat es vers\u00e4umt, die Gefahr gegenw\u00e4rtig zu halten, die vom Coronavirus ausgeht. Wer immer mehr Lockerungen zul\u00e4sst und Quarant\u00e4ne zur freiwilligen Angelegenheit erkl\u00e4rt, sollte niemandem mehr mit Impfpflicht daherkommen, um die Bev\u00f6lkerung zu sch\u00fctzen.<\/p>\n<h2>Der stille Protest<\/h2>\n<p>Nein, der Zug ist abgefahren. Alle Chancen sind vertan, die Menschen als Solidargemeinschaft zusammenzuhalten. Viele sind entt\u00e4uscht und f\u00fchlen sich \u00fcber den Tisch gezogen. 3-G-Menschen, die doppelt geimpft und geboostert sind, ihre Kontakte verloren haben und selbst mit den eigenen Enkeln mittlerweile nur noch per WhatsApp kommunizieren. Wof\u00fcr das Ganze, wenn einen k\u00fcnftig Corona-positive Menschen ganz offiziell anhusten und anstecken d\u00fcrfen?<\/p>\n<p>Es macht Mut, wenn im Supermarkt auch ganz ohne Zwang alle Kunden weiterhin Maske tragen. Ob aus Angst, aus Trotz oder weil es ihnen schlicht nichts ausmacht, sich und alle anderen f\u00fcr eine halbe Stunde etwas besser zu sch\u00fctzen. Es ist ein Zeichen stiller Rebellion gegen eine Politik, die sich in Gesundheits-Anarchie versucht. Die \u00d6l in dasselbe Feuer gie\u00dft, das sie mit Fingerh\u00fcten voller Wasser zu l\u00f6schen versucht.<\/p>\n<h2>Jetzt mal ehrlich<\/h2>\n<p>Vor einem halben Jahr noch schien eine generelle Impfpflicht eine gute Idee zu sein. Inzwischen aber ist sie zur Farce geworden. Zumal sie wesentlich schlechter gegen Infizierungen hilft als beispielsweise eine FFP2-Maske. Die Maskenpflicht aber hat man gro\u00dfz\u00fcgig abgeschafft. W\u00e4hrend Deutschland die h\u00f6chsten Inzidenzen ever aufweist. Und die freiwillige Quarant\u00e4ne w\u00e4re wohl auch durchgesetzt worden, h\u00e4tten nicht Krankenkassen und Arbeitgeberverb\u00e4nde ihr Veto eingelegt.<\/p>\n<p>Man sollte im Gesundheitsministerium wenigstens so ehrlich sein, zu kapitulieren. Vor der Wirtschaft, den Querdenkern und all den Menschen, denen die Gesundheit ihrer Mitb\u00fcrger schei\u00dfegal ist. Und nicht so tun, als versuche man tats\u00e4chlich, diese zu sch\u00fctzen.<\/p>\n","protected":false},"excerpt":{"rendered":"<p>Frage: Wie geht eine Anmache \u00e0 la Lauterbach? Antwort: &#8222;Soll ich dir mal meine Absagen-Sammlung zeigen?&#8220; So, nun ist also die n\u00e4chste Impfpflicht gescheitert. Zuerst waren es die Deutschen, also gesamt. Lausige Impfquote, die sich totlief. Da halfen irgendwann auch Gratisw\u00fcrstchen nichts mehr. F\u00fcr impfverweigernde Senioren h\u00e4tte man mindestens ein Viertel Schwarzw\u00e4lder Kirsch und einen &hellip; <\/p>\n<p class=\"link-more\"><a href=\"https:\/\/holger-montag.de\/?p=909\" class=\"more-link\"><span class=\"screen-reader-text\">\u201eFinde den Fehler\u201c<\/span> weiterlesen<\/a><\/p>\n","protected":false},"author":1,"featured_media":0,"comment_status":"open","ping_status":"open","sticky":false,"template":"","format":"standard","meta":{"footnotes":""},"categories":[11,53,156],"tags":[67,65,60,62,54,72,57,89,64,63,55,58,56],"class_list":["post-909","post","type-post","status-publish","format-standard","hentry","category-arbeitsleben","category-gesellschaft","category-pflege","tag-corona","tag-gesundheitsbereich","tag-gesundheitswesen","tag-impfen","tag-impfpflicht","tag-impfung","tag-impfverweigerer","tag-lauterbach","tag-pflege","tag-pflegeheim","tag-pflegekraefte","tag-pflegenotstand","tag-pflegewesen"],"_links":{"self":[{"href":"https:\/\/holger-montag.de\/index.php?rest_route=\/wp\/v2\/posts\/909","targetHints":{"allow":["GET"]}}],"collection":[{"href":"https:\/\/holger-montag.de\/index.php?rest_route=\/wp\/v2\/posts"}],"about":[{"href":"https:\/\/holger-montag.de\/index.php?rest_route=\/wp\/v2\/types\/post"}],"author":[{"embeddable":true,"href":"https:\/\/holger-montag.de\/index.php?rest_route=\/wp\/v2\/users\/1"}],"replies":[{"embeddable":true,"href":"https:\/\/holger-montag.de\/index.php?rest_route=%2Fwp%2Fv2%2Fcomments&post=909"}],"version-history":[{"count":1,"href":"https:\/\/holger-montag.de\/index.php?rest_route=\/wp\/v2\/posts\/909\/revisions"}],"predecessor-version":[{"id":910,"href":"https:\/\/holger-montag.de\/index.php?rest_route=\/wp\/v2\/posts\/909\/revisions\/910"}],"wp:attachment":[{"href":"https:\/\/holger-montag.de\/index.php?rest_route=%2Fwp%2Fv2%2Fmedia&parent=909"}],"wp:term":[{"taxonomy":"category","embeddable":true,"href":"https:\/\/holger-montag.de\/index.php?rest_route=%2Fwp%2Fv2%2Fcategories&post=909"},{"taxonomy":"post_tag","embeddable":true,"href":"https:\/\/holger-montag.de\/index.php?rest_route=%2Fwp%2Fv2%2Ftags&post=909"}],"curies":[{"name":"wp","href":"https:\/\/api.w.org\/{rel}","templated":true}]}}