{"id":863,"date":"2022-02-15T16:57:53","date_gmt":"2022-02-15T16:57:53","guid":{"rendered":"http:\/\/www.holger-montag.de\/?p=863"},"modified":"2022-08-24T18:08:42","modified_gmt":"2022-08-24T18:08:42","slug":"definitiv-unentschlossen","status":"publish","type":"post","link":"https:\/\/holger-montag.de\/?p=863","title":{"rendered":"Definitiv unentschlossen"},"content":{"rendered":"<div class=\"mail-detail-content plain-text noI18n simple-mail\" role=\"complementary\" aria-label=\"\">\n<div>Hoffen und Bangen.. Unser Alltag seit 2 Jahren.<\/div>\n<div><\/div>\n<div>Aber mit dem Unterschied dass wir anfangs nicht wussten wie wir uns angemessen einigerma\u00dfen sch\u00fctzen k\u00f6nnen. Nun wissen wir es.. Viele Menschen auch in unserem Umfeld ignorieren es.. und die Einschl\u00e4ge werden h\u00e4ufiger und kommen n\u00e4her.<\/div>\n<div><\/div>\n<div>Wenn man allein nach Kommentaren in Postings zu den Corona-Schutzma\u00dfnahmen geht, sind 95 % der Deutschen gegen deren Aufrechterhaltung. Diese Zahl ist sicher nicht repr\u00e4sentativ, da 2\/3 der Menschen sich gar nicht beteiligen. Aber die Ablehnung w\u00e4chst auch bei denjenigen, die durchgeimpft sind und immer Bef\u00fcrworter waren.<\/div>\n<div><\/div>\n<div>Der Hauptgrund ist dabei weniger Resignation vor den vielen lauten Gegnern. Es ist die Kapitulation vor dem F\u00f6deralismus, vor der deutschen B\u00fcrokratie.<\/div>\n<\/div>\n<div><\/div>\n<h2>Blickt noch jemand durch?<\/h2>\n<div><\/div>\n<div class=\"mail-detail-content plain-text noI18n simple-mail\" role=\"complementary\" aria-label=\"\">\n<div>K\u00fcrzlich versuchte ein bekannter \u00f6ffentlich-rechtlicher Sender, die diversen Regelungen zum Impfstatus \u00fcbersichtlich darzustellen. Was nat\u00fcrlich in die Hose ging. Denn es gibt schon bei der Impfung zahlreiche Kombinationsm\u00f6glichkeiten: geimpft\/genesen\/geboostert.. genesen\/geimpft\/geboostert usw.<\/div>\n<div><\/div>\n<div>Jede Kombination hat aber andere Konsequenzen. Und so richtig irre wird es, wenn man zwischen mehreren Bundesl\u00e4ndern pendelt. Einige Pendler-Kommentatoren sagten, sie k\u00f6nnten machen was sie wollen.. sie machen es immer falsch. Weil gef\u00fchlt jede Gemeinde etwas anderes vorschreibt.<\/div>\n<div><\/div>\n<\/div>\n<h2>Ausscheren im F\u00f6deralismus<\/h2>\n<div><\/div>\n<div class=\"mail-detail-content plain-text noI18n simple-mail\" role=\"complementary\" aria-label=\"\">\n<div>Auch die Weigerung Bayerns, die mitbeschlossene Impfpflicht f\u00fcr Pflegekr\u00e4fte umzusetzen, tr\u00e4gt zur allgemeinen Politikverdrossenheit bei. Wenn die eigene Regierung sich nicht mehr an die von ihr mitbeschlossenen Vorgaben h\u00e4lt, warum sollte es dann der B\u00fcrger tun?<\/div>\n<div><\/div>\n<div>Praktisch f\u00fcr S\u00f6der, dass er mit seinem Schachzug gleich mehrere Fliegen an die Wand klatscht. Erstens st\u00e4rkt er seine eigene Position. Die ist nicht mehr so gefestigt wie fr\u00fcher. Doch da er gerade Populismus betreibt, hat er wenigstens die ganz ganz lauten Menschen auf seiner Seite. Ob das ein erstrebenswertes Ziel ist?<\/div>\n<div><\/div>\n<h2>Der rechte Ministerpr\u00e4sident und seine linke Tour<\/h2>\n<div><\/div>\n<div>Zweitens sorgt er daf\u00fcr, dass diejenigen Pflegekr\u00e4fte, die tats\u00e4chlich wegen der f\u00fcr sie beschlossenen Impfpflicht k\u00fcndigen, nun nach Bayern gehen. Ein klarer Wettbewerbsvorteil in dem umk\u00e4mpften Sektor Pflege. Man k\u00f6nnte es auch unlauteren Wettbewerb nennen. Pflegenotstand? Bald nicht mehr, zumindest nicht in Bayern.<\/div>\n<div><\/div>\n<div>Und drittens s\u00e4gt er zwei Monate nach dem Regierungswechsel an Olaf Scholz&#8216; Stuhl. Denn nicht nur die Querdenker stellen sich gegen die Politik. Auch viele SPD-W\u00e4hler tun es inzwischen. Weil sie sich einen Wandel und eine Vision bez\u00fcglich Corona von den SPD-Politikern Scholz und Lauterbach versprochen hatten. Weil sie dachten, nun endlich ginge es den Menschen an den Kragen, die seit zwei Jahren \u00d6l ins Feuer gie\u00dfen und Impfen wahlweise als Hexenwerk oder Faschismus bezeichnen.<\/div>\n<div><\/div>\n<h2>Wo bleiben klare Aussagen?<\/h2>\n<div><\/div>\n<div>Diese W\u00e4hler hatten und haben Angst. Um ihre und die Gesundheit ihrer Kinder. Lauterbach der Warner schien wie eine Verhei\u00dfung. Wie Sankt Martin w\u00fcrde er seinen Mantel teilen und sie sch\u00fctzen. Ja, die Menschen in diesem Land sind nach zwei Jahren so verzweifelt, dass sie auf Wunder hoffen.<\/div>\n<div><\/div>\n<div>Doch von Sankt Lauterbach war wenig zu sehen in diesen beiden Monaten. Sein Ministerium erteilt neue Regeln, die keiner mehr einzuordnen wei\u00df. Die Demos der Querulanten finden weiterhin unbehelligt statt. In manchen Bundesl\u00e4ndern d\u00fcrfen sich wieder Tausende versammeln, w\u00e4hrend andere Menschen sich Sorgen machen, dass bei ihrem Spaziergang im Wald mehr als 10 Leute zusammenkommen. Und sie sich strafbar machen.<\/div>\n<\/div>\n<div><\/div>\n<h2>Wo steckt die Regierung?<\/h2>\n<div><\/div>\n<div class=\"mail-detail-content plain-text noI18n simple-mail\" role=\"complementary\" aria-label=\"\">\n<div>Mit diesen \u00c4ngsten werden sie nicht abgeholt. Mehr noch: Viele f\u00fchlen sich verraten. Die Wahlen sind vor\u00fcber, Versprechen werden nicht eingehalten. Der noch vor wenigen Wochen so eloquente wie vern\u00fcnftige Gesundheitsminister versagt hier. Man ahnt: Es ist halt immer leichter zu kritisieren, als es selbst besser zu machen.<\/div>\n<div><\/div>\n<div>Und der Kanzler? Man muss schon scharf nachdenken, um sich an sein Gesicht zu erinnern. Und wenn er dann doch mal vor die Kamera trat, hatte er keine Meinung. Eine Politik der Unentschlossenheit, des Zauderns, die sich auch bei anderen Themen fortsetzt. Ganz ehrlich: Geh\u00f6rte Olaf Scholz zu unseren Freunden und wir h\u00e4tten ein Problem &#8211; w\u00fcrden wir mit jemand anderem dar\u00fcber reden.<\/div>\n<div><\/div>\n<h2>Das Land verlangt nach F\u00fchrung<\/h2>\n<div><\/div>\n<div>So \u00fcberl\u00e4sst die Regierung der Opposition und den Querdenkern das Feld und die Medien. Den Lauten. Fatal f\u00fcr die Menschen, die auf eine entschlossene Regierung gehofft hatten. Und gef\u00e4hrlich f\u00fcr die Demokratie. Denn eine \u00e4hnliche Situation hatten wir vor 100 Jahren schon einmal. Auch damals war das Land zersplittert.. hatte die Regierung weder Visionen noch die Kraft sie umzusetzen.. ignorierte man die Anzeichen von demokratiefeindlichen Str\u00f6mungen.<\/div>\n<div><\/div>\n<div>Aus einem Funken wurde damals ein Fl\u00e4chenbrand. Weil EIN zun\u00e4chst gar nicht mal aussichtsreicher Politiker es verstand, Hoffnung bei den W\u00e4hlern zu wecken.\u00a0 Und die Medien zu nutzen. Weil er entschlossen war, etwas anzupacken und zu ver\u00e4ndern. Wir wissen heute, wie die Sache weiterging und dass Entschlossenheit nicht unbedingt zu etwas Gutem f\u00fchrt. Unentschlossenheit aber auch nicht.<\/div>\n<div><\/div>\n<\/div>\n","protected":false},"excerpt":{"rendered":"<p>Hoffen und Bangen.. Unser Alltag seit 2 Jahren. Aber mit dem Unterschied dass wir anfangs nicht wussten wie wir uns angemessen einigerma\u00dfen sch\u00fctzen k\u00f6nnen. Nun wissen wir es.. Viele Menschen auch in unserem Umfeld ignorieren es.. und die Einschl\u00e4ge werden h\u00e4ufiger und kommen n\u00e4her. Wenn man allein nach Kommentaren in Postings zu den Corona-Schutzma\u00dfnahmen geht, &hellip; <\/p>\n<p class=\"link-more\"><a href=\"https:\/\/holger-montag.de\/?p=863\" class=\"more-link\"><span class=\"screen-reader-text\">\u201eDefinitiv unentschlossen\u201c<\/span> weiterlesen<\/a><\/p>\n","protected":false},"author":1,"featured_media":0,"comment_status":"open","ping_status":"open","sticky":false,"template":"","format":"standard","meta":{"footnotes":""},"categories":[18,53,156],"tags":[90,67,65,60,62,92,54,57,89,64,63,55,58,56,93,85],"class_list":["post-863","post","type-post","status-publish","format-standard","hentry","category-es-ist-montag","category-gesellschaft","category-pflege","tag-bayern","tag-corona","tag-gesundheitsbereich","tag-gesundheitswesen","tag-impfen","tag-impfgegner","tag-impfpflicht","tag-impfverweigerer","tag-lauterbach","tag-pflege","tag-pflegeheim","tag-pflegekraefte","tag-pflegenotstand","tag-pflegewesen","tag-scholz","tag-soeder"],"_links":{"self":[{"href":"https:\/\/holger-montag.de\/index.php?rest_route=\/wp\/v2\/posts\/863","targetHints":{"allow":["GET"]}}],"collection":[{"href":"https:\/\/holger-montag.de\/index.php?rest_route=\/wp\/v2\/posts"}],"about":[{"href":"https:\/\/holger-montag.de\/index.php?rest_route=\/wp\/v2\/types\/post"}],"author":[{"embeddable":true,"href":"https:\/\/holger-montag.de\/index.php?rest_route=\/wp\/v2\/users\/1"}],"replies":[{"embeddable":true,"href":"https:\/\/holger-montag.de\/index.php?rest_route=%2Fwp%2Fv2%2Fcomments&post=863"}],"version-history":[{"count":3,"href":"https:\/\/holger-montag.de\/index.php?rest_route=\/wp\/v2\/posts\/863\/revisions"}],"predecessor-version":[{"id":872,"href":"https:\/\/holger-montag.de\/index.php?rest_route=\/wp\/v2\/posts\/863\/revisions\/872"}],"wp:attachment":[{"href":"https:\/\/holger-montag.de\/index.php?rest_route=%2Fwp%2Fv2%2Fmedia&parent=863"}],"wp:term":[{"taxonomy":"category","embeddable":true,"href":"https:\/\/holger-montag.de\/index.php?rest_route=%2Fwp%2Fv2%2Fcategories&post=863"},{"taxonomy":"post_tag","embeddable":true,"href":"https:\/\/holger-montag.de\/index.php?rest_route=%2Fwp%2Fv2%2Ftags&post=863"}],"curies":[{"name":"wp","href":"https:\/\/api.w.org\/{rel}","templated":true}]}}