{"id":860,"date":"2022-02-12T14:35:34","date_gmt":"2022-02-12T14:35:34","guid":{"rendered":"http:\/\/www.holger-montag.de\/?p=860"},"modified":"2022-08-24T18:09:21","modified_gmt":"2022-08-24T18:09:21","slug":"parallelwelten-und-weisse-haeuser","status":"publish","type":"post","link":"https:\/\/holger-montag.de\/?p=860","title":{"rendered":"Parallelwelten und Wei\u00dfe H\u00e4user"},"content":{"rendered":"<p>Liest man quer \u00fcber die Tagesnachrichten, gewinnt man oft den Eindruck, die Gesellschaft bewege sich in Parallelwelten. Links ein Artikel \u00fcber prominente Virologen, die vor verfr\u00fchten Lockerungen warnen, rechts konservative Politiker, die fr\u00fche Lockerungen fordern. Oben Lauterbach, der Pflegekr\u00e4fte\u00a0 auffordert, es beim Impfen ihren PatientInnen gleichzutun, unten S\u00f6der, der in Bayern die selbst mitbeschlossene Impfpflicht f\u00fcr Pflegekr\u00e4fte aussetzt.<\/p>\n<p>Hier die neue Impfkampagne der Bundesregierung, dort die w\u00f6chentliche Querdenker-Demo. Und so weiter. Von den mittlerweile irren Schutzregeln ganz zu schweigen. 20.000 immunisierte Menschen im Stadion sind ebenso okay wie 1.000 in Veranstaltungshallen. Zu Omas Geburtstagsfeier darf man aber nur 9 G\u00e4ste einladen.<\/p>\n<h2>Eine ganz eigene Logik<\/h2>\n<p>Verst\u00e4rkt wird wieder auf Abstandsregeln hingewiesen, w\u00e4hrend unsere Kinder reihenweise in den Schulen verheizt werden, wo sich die Corona-F\u00e4lle trotz L\u00fcftens mehren und sich die Reihen lichten, weil sich viele Sch\u00fcler in Quarant\u00e4ne begeben m\u00fcssen. Womit dann wiederum Ansteckungen im privaten Bereich vorprogrammiert sind. Die man aber ja dank der kurzen G\u00e4steliste zu Omas Geburtstag klein h\u00e4lt. Ah ja.<\/p>\n<p>Es verwundert bei solchem Wirrwarr nicht, dass mittlerweile auch durchgeimpfte, vorsichtige B\u00fcrger eine Entscheidung fordern &#8211; und sei es die komplette Aufhebung der ohnehin nur noch halbherzigen Schutzma\u00dfnahmen. Denn dass diese uns nicht vor einer Durchseuchung (allein das Wort ist schon menschenverachtend) zu sch\u00fctzen verm\u00f6gen, ist inzwischen jedem klar.<\/p>\n<h2>Sind die Schutzma\u00dfnahmen unser Wei\u00dfes Haus?<\/h2>\n<p>Dann lieber den Reset-Knopf dr\u00fccken und das Land neu hochfahren? Corona bestrafen, indem wir ihm alle T\u00fcren \u00f6ffnen? Jeden B\u00fcrger mit ihm infizieren und abwarten, ob das gut geht? Eine gewagte Strategie, die bildhaft gesprochen an den Sturm auf das Wei\u00dfe Haus in Washington vor einem Jahr erinnert.<\/p>\n<p>Damals lie\u00df man den nach Pr\u00e4sident Trumps Abwahl aufgebrachten, republikanischen Mob widerstandslos das Allerheiligste der amerikanischen Legislative besetzen. In der Hoffnung, dass ihm bald langweilig w\u00fcrde und er ohne Schaden anzurichten wieder gehen m\u00f6ge. Doch die Eindringlinge verhielten sich nicht friedlich. Es gab Tote und Verletzte, viele Menschen bangten um ihr Leben und wurden nachhaltig traumatisiert.<\/p>\n<h2>Der Riss<\/h2>\n<p>Noch immer sind die Langzeitfolgen nicht einsch\u00e4tzbar, doch sie sind schon jetzt gewaltig. Denn der Sturm aufs Wei\u00dfe Haus hat einen Riss in der amerikanischen Gesellschaft hinterlassen. Wenn man seinen Mitmenschen nicht mehr trauen kann, &#8211; seinem Bruder, seiner Lehrerin, seinem Nachbarn -, muss man lernen, mit der Unsicherheit zu leben.<\/p>\n<p>Auch in Deutschland klafft bereits ein Graben zwischen den Menschen und ihren Ansichten dar\u00fcber, was jeder Einzelne der Gesellschaft oder der eigenen Freiheit schuldig ist. Viele Mitmenschen sind uns fremd geworden oder &#8211; schlimmer noch &#8211; rufen den Verdacht hervor, sie nie richtig gekannt zu haben. Der Lack ist ab. Nun sehen wir einander best\u00e4tigt oder mit anderen Augen.<\/p>\n","protected":false},"excerpt":{"rendered":"<p>Liest man quer \u00fcber die Tagesnachrichten, gewinnt man oft den Eindruck, die Gesellschaft bewege sich in Parallelwelten. Links ein Artikel \u00fcber prominente Virologen, die vor verfr\u00fchten Lockerungen warnen, rechts konservative Politiker, die fr\u00fche Lockerungen fordern. Oben Lauterbach, der Pflegekr\u00e4fte\u00a0 auffordert, es beim Impfen ihren PatientInnen gleichzutun, unten S\u00f6der, der in Bayern die selbst mitbeschlossene Impfpflicht &hellip; <\/p>\n<p class=\"link-more\"><a href=\"https:\/\/holger-montag.de\/?p=860\" class=\"more-link\"><span class=\"screen-reader-text\">\u201eParallelwelten und Wei\u00dfe H\u00e4user\u201c<\/span> weiterlesen<\/a><\/p>\n","protected":false},"author":1,"featured_media":0,"comment_status":"open","ping_status":"open","sticky":false,"template":"","format":"standard","meta":{"footnotes":""},"categories":[18,53,156],"tags":[90,67,65,60,62,54,57,89,91,55,84,87,88,85,86],"class_list":["post-860","post","type-post","status-publish","format-standard","hentry","category-es-ist-montag","category-gesellschaft","category-pflege","tag-bayern","tag-corona","tag-gesundheitsbereich","tag-gesundheitswesen","tag-impfen","tag-impfpflicht","tag-impfverweigerer","tag-lauterbach","tag-lockerungen","tag-pflegekraefte","tag-querdenker","tag-schutzmassnahmen","tag-schutzregeln","tag-soeder","tag-weisses-haus"],"_links":{"self":[{"href":"https:\/\/holger-montag.de\/index.php?rest_route=\/wp\/v2\/posts\/860","targetHints":{"allow":["GET"]}}],"collection":[{"href":"https:\/\/holger-montag.de\/index.php?rest_route=\/wp\/v2\/posts"}],"about":[{"href":"https:\/\/holger-montag.de\/index.php?rest_route=\/wp\/v2\/types\/post"}],"author":[{"embeddable":true,"href":"https:\/\/holger-montag.de\/index.php?rest_route=\/wp\/v2\/users\/1"}],"replies":[{"embeddable":true,"href":"https:\/\/holger-montag.de\/index.php?rest_route=%2Fwp%2Fv2%2Fcomments&post=860"}],"version-history":[{"count":1,"href":"https:\/\/holger-montag.de\/index.php?rest_route=\/wp\/v2\/posts\/860\/revisions"}],"predecessor-version":[{"id":861,"href":"https:\/\/holger-montag.de\/index.php?rest_route=\/wp\/v2\/posts\/860\/revisions\/861"}],"wp:attachment":[{"href":"https:\/\/holger-montag.de\/index.php?rest_route=%2Fwp%2Fv2%2Fmedia&parent=860"}],"wp:term":[{"taxonomy":"category","embeddable":true,"href":"https:\/\/holger-montag.de\/index.php?rest_route=%2Fwp%2Fv2%2Fcategories&post=860"},{"taxonomy":"post_tag","embeddable":true,"href":"https:\/\/holger-montag.de\/index.php?rest_route=%2Fwp%2Fv2%2Ftags&post=860"}],"curies":[{"name":"wp","href":"https:\/\/api.w.org\/{rel}","templated":true}]}}