{"id":846,"date":"2022-02-09T13:14:25","date_gmt":"2022-02-09T13:14:25","guid":{"rendered":"http:\/\/www.holger-montag.de\/?p=846"},"modified":"2022-08-24T18:09:39","modified_gmt":"2022-08-24T18:09:39","slug":"loesungen-fuer-den-pflegenotstand-teil-2","status":"publish","type":"post","link":"https:\/\/holger-montag.de\/?p=846","title":{"rendered":"L\u00f6sungen f\u00fcr den Pflegenotstand? (Teil 2)"},"content":{"rendered":"<p>Das Anwerben von Pflegekr\u00e4ften aus dem Ausland stellt ein weiteres Beispiel f\u00fcr vorausschauende Personalplanung dar. Bundesarbeitsminister Hubertus Heil (SPD) bezeichnet diese M\u00f6glichkeit sogar als \u201eunverzichtbar\u201c bei der Aufgabe, dem steigenden Bedarf an Pflegefachkr\u00e4ften zu begegnen. Und Ex-Bundesgesundheitsminister Jens Spahn (CDU) reiste bis ins Kosovo und nach Mexiko, um dort Fachkr\u00e4fte im Pflegebereich zu umwerben.<\/p>\n<h2>Hilfe aus dem Ausland<\/h2>\n<p>Der Arbeitgeber-Service der Arbeitsagentur kooperiert bei der Suche nach geeigneten Mitarbeitern aus dem Ausland mit dem Internationalen Personalservice der Zentralen Auslands- und Fachvermittlung (ZAV). Personalplaner gehen da direkter vor und kn\u00fcpfen direkte Kontakte \u00fcber Netzwerke, arbeiten mit Projektpartnern in den Heimatl\u00e4ndern der Interessenten &#8211; oder werben diese kurzerhand gleich vor Ort an.<\/p>\n<p>Die Kandidat:innen stammen aus unterschiedlichsten Herkunftsl\u00e4ndern. Osteuropa erfreut sich besonderer Beliebtheit, da sich unter den Bewerber:innen viele Fachkr\u00e4fte mit Studienabschl\u00fcssen finden. Kandidat:innen aus Serbien, dem Kosovo und Albanien, aber auch Ungarn und Rum\u00e4nien stehen auf der Wunschliste der Recruiter ganz oben.<\/p>\n<h2>Anerkennungsverfahren und Arbeitserlaubnis: Ein deutsches Problem<\/h2>\n<p>Die Projektpartner vor Ort fungieren als Dienstleister, Ausbilder und Vermittler. In vielen F\u00e4llen organisieren sie noch vor dem Wechsel nach Deutschland Sprachkurse und schulen die Fachkr\u00e4fte, damit diese ihre Fachkenntnispr\u00fcfung in Deutschland ablegen k\u00f6nnen, bevor sie ihre Arbeit im Gesundheits-\/Pflegebereich antreten. Die Regel ist dies jedoch nicht.<\/p>\n<p>Allerdings werfen die Zugangsvoraussetzungen der neuen Mitarbeiter:innen so oder so gro\u00dfe Probleme auf. Die Anerkennungsverfahren der Ausbildungsabschl\u00fcsse dauern zu lange und auch die Erteilung von Arbeitserlaubnissen wird oft durch allzu viel B\u00fcrokratie verkompliziert.<\/p>\n<h2>Gute Vorbereitung sorgt f\u00fcr schnelle Integration ins Team<\/h2>\n<p>Sind diese H\u00fcrden erst genommen und haben die neuen Mitarbeiter:innen noch keine vorbereitenden Kurse durch Projektpartner absolviert, beginnt die Anlernphase durch teilweise ohnehin schon \u00fcberlastetes Personal im Vollzeitmodus.<\/p>\n<p>Vorausschauende Personalentwickler entwickeln bereits im Vorfeld einen Integrationsleitfaden und reden mit dem Stammpersonal \u00fcberToleranz und Nachsicht. Hier und da hilft auch ein Integrationsbeauftragter bei der Eingliederung ins deutsche Arbeitsleben.<\/p>\n<h2>Mehr Hilfe als n\u00f6tig? Ansichtssache.<\/h2>\n<p>Auch organisierte Sprachkurse f\u00fcr die ausl\u00e4ndischen Mitarbeiter:innen helfen dabei,\u00a0 sie in die bestehenden Teams und Arbeitsabl\u00e4ufe zu integrieren. Kein einfaches Unterfangen, welches aber dank der Bem\u00fchungen beider Seiten meist gelingt.<\/p>\n<p>Manche Arbeitgeber gehen noch einen Schritt weiter. Sie f\u00fchlen sich auch au\u00dferhalb des Dienstalltags verantwortlich f\u00fcr ihre neuen Mitarbeiter:innen aus dem Ausland und helfen aktiv. Zum Beispiel, indem sie ihnen beim Er\u00f6ffnen eines Girokontos oder bei der Wohnungssuche helfen. Gelegentlich mieten Unternehmen sogar Wohnungen an und vermieten diese weiter, weil ihnen bekannt ist, dass viele Wohnungseigent\u00fcmer vor ausl\u00e4ndischen Mietern zur\u00fcckschrecken.<\/p>\n<p>&nbsp;<\/p>\n<p>\u2013 Viele Menschen haben Angst vor &#8222;\u00dcberfremdung&#8220;, also einem zu hohen Anteil an ausl\u00e4ndischen Mitb\u00fcrgern. Ist dies in der Pflege zu bef\u00fcrchten? Das lesen Sie in Teil 3 dieses Artikels. \u2013<\/p>\n<hr \/>\n<p><em>Als Freelancer recherchiere ich regelm\u00e4\u00dfig zu gesellschaftlichen Themen und verfasse im Auftrag Dritter Sachtexte wie diesen. Falls auch Sie einen Ghostwriter f\u00fcr Texte suchen, kontaktieren Sie mich einfach \u00fcber den Men\u00fcpunkt Freelancer Text.<\/em><\/p>\n","protected":false},"excerpt":{"rendered":"<p>Das Anwerben von Pflegekr\u00e4ften aus dem Ausland stellt ein weiteres Beispiel f\u00fcr vorausschauende Personalplanung dar. Bundesarbeitsminister Hubertus Heil (SPD) bezeichnet diese M\u00f6glichkeit sogar als \u201eunverzichtbar\u201c bei der Aufgabe, dem steigenden Bedarf an Pflegefachkr\u00e4ften zu begegnen. Und Ex-Bundesgesundheitsminister Jens Spahn (CDU) reiste bis ins Kosovo und nach Mexiko, um dort Fachkr\u00e4fte im Pflegebereich zu umwerben. Hilfe &hellip; <\/p>\n<p class=\"link-more\"><a href=\"https:\/\/holger-montag.de\/?p=846\" class=\"more-link\"><span class=\"screen-reader-text\">\u201eL\u00f6sungen f\u00fcr den Pflegenotstand? (Teil 2)\u201c<\/span> weiterlesen<\/a><\/p>\n","protected":false},"author":1,"featured_media":0,"comment_status":"open","ping_status":"open","sticky":false,"template":"","format":"standard","meta":{"footnotes":""},"categories":[11,53,156],"tags":[59,81,82,50,67,65,60,54,64,83,63,55,58,56],"class_list":["post-846","post","type-post","status-publish","format-standard","hentry","category-arbeitsleben","category-gesellschaft","category-pflege","tag-anerkennung","tag-auslaendische-arbeitskraefte","tag-auslaendische-pflegekraefte","tag-beruf","tag-corona","tag-gesundheitsbereich","tag-gesundheitswesen","tag-impfpflicht","tag-pflege","tag-pflegebranche","tag-pflegeheim","tag-pflegekraefte","tag-pflegenotstand","tag-pflegewesen"],"_links":{"self":[{"href":"https:\/\/holger-montag.de\/index.php?rest_route=\/wp\/v2\/posts\/846","targetHints":{"allow":["GET"]}}],"collection":[{"href":"https:\/\/holger-montag.de\/index.php?rest_route=\/wp\/v2\/posts"}],"about":[{"href":"https:\/\/holger-montag.de\/index.php?rest_route=\/wp\/v2\/types\/post"}],"author":[{"embeddable":true,"href":"https:\/\/holger-montag.de\/index.php?rest_route=\/wp\/v2\/users\/1"}],"replies":[{"embeddable":true,"href":"https:\/\/holger-montag.de\/index.php?rest_route=%2Fwp%2Fv2%2Fcomments&post=846"}],"version-history":[{"count":2,"href":"https:\/\/holger-montag.de\/index.php?rest_route=\/wp\/v2\/posts\/846\/revisions"}],"predecessor-version":[{"id":848,"href":"https:\/\/holger-montag.de\/index.php?rest_route=\/wp\/v2\/posts\/846\/revisions\/848"}],"wp:attachment":[{"href":"https:\/\/holger-montag.de\/index.php?rest_route=%2Fwp%2Fv2%2Fmedia&parent=846"}],"wp:term":[{"taxonomy":"category","embeddable":true,"href":"https:\/\/holger-montag.de\/index.php?rest_route=%2Fwp%2Fv2%2Fcategories&post=846"},{"taxonomy":"post_tag","embeddable":true,"href":"https:\/\/holger-montag.de\/index.php?rest_route=%2Fwp%2Fv2%2Ftags&post=846"}],"curies":[{"name":"wp","href":"https:\/\/api.w.org\/{rel}","templated":true}]}}