{"id":819,"date":"2021-12-28T16:36:06","date_gmt":"2021-12-28T16:36:06","guid":{"rendered":"http:\/\/www.holger-montag.de\/?p=819"},"modified":"2021-12-28T16:36:48","modified_gmt":"2021-12-28T16:36:48","slug":"819","status":"publish","type":"post","link":"https:\/\/holger-montag.de\/?p=819","title":{"rendered":"New Work (Teil 4)"},"content":{"rendered":"<p>In vielen Unternehmen sind solche Modelle l\u00e4ngst etabliert. Oftmals nicht ganz freiwillig, denn die Lage auf dem Arbeitsmarkt verlangt nach Ver\u00e4nderung. Ob im IT- oder Pflegebereich, in der Beratung oder im Handwerk: Der Fachkr\u00e4ftemangel zwingt viele Unternehmen und Organisationen dazu, die Arbeitsbedingungen so attraktiv wie m\u00f6glich zu gestalten.<\/p>\n<h2>Der Pflegenotstand und die New Work<\/h2>\n<p>Nun ist es nicht jeder Branche verg\u00f6nnt, mit Gewinnbeteiligungen um k\u00fcnftige Angestellte zu buhlen. Mitarbeitern im Pflegebereich erscheinen zuweilen selbst milde Formen von New Work wie flexible Arbeitszeiten, die M\u00f6glichkeit zur beruflichen Fortbildung oder flache Hierarchien wie gewagte Zukunftsutopien. Berufliche Perspektivlosigkeit und geringes Einkommen sind hingegen Realit\u00e4t und f\u00fcr den Fachkr\u00e4ftemangel im Gesundheitswesen mitverantwortlich.<\/p>\n<p>Der Mangel an Pflege(fach)kr\u00e4ften wurde in den letzten Jahren zum Dauerthema . Obwohl sie seit Jahren am Limit arbeiten und durch die Corona-Pandemie teilweise dauer\u00fcberlastet sind, ist keine Verbesserung der Arbeitsbedingungen in Sicht. Jede dritte Pflegekraft denkt mittlerweile \u00fcber einen Jobwechsel nach.<\/p>\n<h2>Berufung statt Beruf: Der Grundsatz der New Work<\/h2>\n<p>Dabei sind sich Pflegekr\u00e4fte im Gegensatz zu manch anderen Arbeitnehmern der Tatsache bewusst, eine sinnvolle T\u00e4tigkeit auszu\u00fcben. Dieses Wissen reicht zur Mitarbeitergewinnung und \u2013bindung allerdings nicht aus. Entscheidende Faktoren sind der Austausch mit Vorgesetzten und Kollegen, die Anerkennung der eigenen Arbeit und die M\u00f6glichkeit, diese mitzugestalten. Identifikation durch Integration. Oder, anders ausgedr\u00fcckt: Echte Teilhabe an der Gemeinschaft.<\/p>\n<p>Selbstbestimmtheit ist wichtig, Supervisionen oder die Aussicht auf den Erwerb akademischer Qualifikationen motivieren zus\u00e4tzlich. Denn auch lebenslanges Lernen z\u00e4hlt zu den Grundprinzipien von New Work. Sie erinnern sich:\u00a0 Arbeit, die du wirklich, wirklich willst. Die eigenen Qualifikationen optimiert man als Mitarbeiter schon aus eigenem Interesse.<\/p>\n<h2>Nur noch f\u00fcnf Tage bis zum Wochenende<\/h2>\n<p>Die in ihren strengen Strukturen erstarrte Erwerbsarbeit der 1970er Jahre, welche Frithjof Bergmann mit einer leichten Erk\u00e4ltung verglich, die man noch bis Freitag aushalte, sollte zum Wohle der Mitarbeiter, aber auch des Unternehmens der Vergangenheit angeh\u00f6ren.<\/p>\n<p>Produktivit\u00e4t und Wachstum, jene Schlagworte der Industrialisierung, sind noch immer aktuell. Allerdings werden sie heute mit Motivation und Identifikation in direkten kausalen Zusammenhang gesetzt.<\/p>\n<p>Moderne Unternehmen und Organisationen bauen auf Mitarbeiter, die nicht gezwungenerma\u00dfen, sondern gerne zur Arbeit erscheinen. Weil sich ihr Arbeitsumfeld stetig verbessert und die Teamarbeit gef\u00f6rdert wird. Weil sie sich nicht als kleine R\u00e4dchen in Getrieben, sondern als mitspracheberechtigten Teil der Unternehmensgemeinschaft empfinden. Und weil ihnen mehr Einfluss auf ihre T\u00e4tigkeit sowie Zeit f\u00fcr Familie und Hobbys gew\u00e4hrt wird.<\/p>\n<p>&nbsp;<\/p>\n<p>\u2013 Wie steht eigentlich die deutsche Politik zur New Work?\u00a0 Der 5. und letzte Teil dieses Beitrags vergleicht die Aussagen der verschiedenen Parteien. \u2013<\/p>\n<hr \/>\n<p><em>Als Freelancer recherchiere ich regelm\u00e4\u00dfig zu gesellschaftlichen Themen und verfasse im Auftrag Dritter Sachtexte wie diesen. Falls auch Sie einen Ghostwriter f\u00fcr Texte suchen, kontaktieren Sie mich einfach \u00fcber den Men\u00fcpunkt Freelancer Text.<\/em><\/p>\n","protected":false},"excerpt":{"rendered":"<p>In vielen Unternehmen sind solche Modelle l\u00e4ngst etabliert. Oftmals nicht ganz freiwillig, denn die Lage auf dem Arbeitsmarkt verlangt nach Ver\u00e4nderung. Ob im IT- oder Pflegebereich, in der Beratung oder im Handwerk: Der Fachkr\u00e4ftemangel zwingt viele Unternehmen und Organisationen dazu, die Arbeitsbedingungen so attraktiv wie m\u00f6glich zu gestalten. Der Pflegenotstand und die New Work Nun &hellip; <\/p>\n<p class=\"link-more\"><a href=\"https:\/\/holger-montag.de\/?p=819\" class=\"more-link\"><span class=\"screen-reader-text\">\u201eNew Work (Teil 4)\u201c<\/span> weiterlesen<\/a><\/p>\n","protected":false},"author":1,"featured_media":0,"comment_status":"open","ping_status":"open","sticky":false,"template":"","format":"standard","meta":{"footnotes":""},"categories":[11,53],"tags":[9,45,42,50,49,43,46,41,55,58,56,51,52,48,47,7,8],"class_list":["post-819","post","type-post","status-publish","format-standard","hentry","category-arbeitsleben","category-gesellschaft","tag-arbeitszeitkonto","tag-arbeitszeitmodell","tag-bergmann","tag-beruf","tag-berufung","tag-marx","tag-neue-arbeit","tag-new-work","tag-pflegekraefte","tag-pflegenotstand","tag-pflegewesen","tag-potential","tag-selbststaendig","tag-sinnsuche","tag-sozialutopie","tag-vertrauensarbeitszeit","tag-zeitkonto"],"_links":{"self":[{"href":"https:\/\/holger-montag.de\/index.php?rest_route=\/wp\/v2\/posts\/819","targetHints":{"allow":["GET"]}}],"collection":[{"href":"https:\/\/holger-montag.de\/index.php?rest_route=\/wp\/v2\/posts"}],"about":[{"href":"https:\/\/holger-montag.de\/index.php?rest_route=\/wp\/v2\/types\/post"}],"author":[{"embeddable":true,"href":"https:\/\/holger-montag.de\/index.php?rest_route=\/wp\/v2\/users\/1"}],"replies":[{"embeddable":true,"href":"https:\/\/holger-montag.de\/index.php?rest_route=%2Fwp%2Fv2%2Fcomments&post=819"}],"version-history":[{"count":2,"href":"https:\/\/holger-montag.de\/index.php?rest_route=\/wp\/v2\/posts\/819\/revisions"}],"predecessor-version":[{"id":821,"href":"https:\/\/holger-montag.de\/index.php?rest_route=\/wp\/v2\/posts\/819\/revisions\/821"}],"wp:attachment":[{"href":"https:\/\/holger-montag.de\/index.php?rest_route=%2Fwp%2Fv2%2Fmedia&parent=819"}],"wp:term":[{"taxonomy":"category","embeddable":true,"href":"https:\/\/holger-montag.de\/index.php?rest_route=%2Fwp%2Fv2%2Fcategories&post=819"},{"taxonomy":"post_tag","embeddable":true,"href":"https:\/\/holger-montag.de\/index.php?rest_route=%2Fwp%2Fv2%2Ftags&post=819"}],"curies":[{"name":"wp","href":"https:\/\/api.w.org\/{rel}","templated":true}]}}