{"id":815,"date":"2021-12-22T12:11:04","date_gmt":"2021-12-22T12:11:04","guid":{"rendered":"http:\/\/www.holger-montag.de\/?p=815"},"modified":"2022-08-24T18:10:33","modified_gmt":"2022-08-24T18:10:33","slug":"impfpflicht-fuer-pflegekraefte","status":"publish","type":"post","link":"https:\/\/holger-montag.de\/?p=815","title":{"rendered":"Impfpflicht f\u00fcr Pflegekr\u00e4fte?"},"content":{"rendered":"<p>Seit Monaten war sie im Gespr\u00e4ch, nun wurde sie beschlossen: Die Impfpflicht f\u00fcr Pflegekr\u00e4fte.<\/p>\n<p>In der Vergangenheit hatte der damalige Bundesgesundheitsminister Jens Spahn (CDU) immer wieder beteuert, eine Impfpflicht schlie\u00dfe er kategorisch aus. War er wirklich davon \u00fcberzeugt, dass sie keine Wirkung zeigen w\u00fcrde? Oder handelte es sich um eine von vielen wichtigen gesellschaftspolitischen Entscheidungen, die im Wahljahr 2021 vom Kalk\u00fcl um W\u00e4hlerstimmen bestimmt wurden?<\/p>\n<p>Nun also doch die Impfpflicht. Nicht f\u00fcr jeden, nein. W\u00e4re ja auch zu einfach und \u00fcbersichtlich. Die Pflege- und andere Kr\u00e4fte im Gesundheitswesen sollen es richten. Als n\u00e4chstes w\u00e4ren dann auch andere Berufszweige dran, deren Angeh\u00f6rige mit vielen Menschen in Kontakt kommen. Lehrer zum Beispiel. Doch die sind ohnehin fast durchg\u00e4ngig geimpft. Bl\u00f6de Sache. Dann vielleicht ErzieherInnen?<\/p>\n<h2>Wisst ihr mehr als wir?<\/h2>\n<p>Um es vorweg zu nehmen: Eine Impfpflicht nur f\u00fcr bestimmte Berufe halte ich pers\u00f6nlich f\u00fcr das falsche Signal. Entweder hilft die Impfpflicht beim Kampf gegen Corona, &#8211; dann sollten alle mitmachen -, oder sie tut es nicht. Apropos Signale: wenn wir pflegebed\u00fcrftige Senioren und geschw\u00e4chte Patienten impfen, sich Pflegekr\u00e4fte und \u00c4rzte aber zieren, fragt man sich nat\u00fcrlich, welches Mehrwissen sie als Fachleute im Gesundheitswesen haben m\u00f6gen.<\/p>\n<p>Der Gro\u00dfteil der Bev\u00f6lkerung versucht seit fast 2 Jahren, den Pflegekr\u00e4ften den R\u00fccken frei zu halten, indem er sich und andere sch\u00fctzt &#8211; unter anderem mit einer Impfung. Dass ausgerechnet diese Pflegekr\u00e4fte in Kauf nehmen, selbst zum Intensivpatienten zu werden und die ohnehin knappen personellen Ressourcen in Anspruch zu nehmen, ist ein merkw\u00fcrdiges Signal.<\/p>\n<h2>Alternativen und Priorit\u00e4ten<\/h2>\n<p>Nat\u00fcrlich ist mir bewusst, dass Pflegekr\u00e4fte auch nur Menschen sind und den nicht in Langzeitstudien getesteten Impfstoffen skeptisch gegen\u00fcberstehen. Das tun die meisten von uns. Aber was ist die derzeitige Alternative? Nach 2 Jahren des Herumprobierens mit Lockdown, Kontaktbeschr\u00e4nkungen, Masken, Tests&#8230;?<\/p>\n<p>Als (gesellschafts-)kritischer Autor setze ich mich gerne f\u00fcr Pflegekr\u00e4fte ein und erinnere an die (eigentlich l\u00e4ngst bekannten) Missst\u00e4nde in ihrer Branche. Aber wenn nun Pflegekr\u00e4fte k\u00fcndigen, weil sie sich zu etwas gezwungen sehen, was viele in der Gesellschaft als selbstverst\u00e4ndlich betrachten, &#8211; auch um sie zu entlasten -, muss ich mich schon fragen, ob sie ihre Priorit\u00e4ten richtig setzen.<\/p>\n<h2>Wenn schon Nein, dann zu den richtigen Fragen<\/h2>\n<p>Es gibt sicher viele Gr\u00fcnde, seinen Pflegeberuf an den Nagel zu h\u00e4ngen: Die Arbeitszeiten, Stress, schlechte Bezahlung, ein mieser Dienstplan und so weiter. Und es gibt viele Pflegekr\u00e4fte, die sich neben ihrer anstrengenden Arbeit bem\u00fchen, darauf aufmerksam zu machen und f\u00fcr Abhilfe zu k\u00e4mpfen.<\/p>\n<p>Die Gesellschaft interessiert das! Aber sie versteht nicht, wieso wir selbst unsere Kinder impfen lassen, wenn auf der anderen Seite Pflegekr\u00e4fte sagen: &#8222;N\u00f6, macht das mal alleine!&#8220;<\/p>\n","protected":false},"excerpt":{"rendered":"<p>Seit Monaten war sie im Gespr\u00e4ch, nun wurde sie beschlossen: Die Impfpflicht f\u00fcr Pflegekr\u00e4fte. In der Vergangenheit hatte der damalige Bundesgesundheitsminister Jens Spahn (CDU) immer wieder beteuert, eine Impfpflicht schlie\u00dfe er kategorisch aus. War er wirklich davon \u00fcberzeugt, dass sie keine Wirkung zeigen w\u00fcrde? Oder handelte es sich um eine von vielen wichtigen gesellschaftspolitischen Entscheidungen, &hellip; <\/p>\n<p class=\"link-more\"><a href=\"https:\/\/holger-montag.de\/?p=815\" class=\"more-link\"><span class=\"screen-reader-text\">\u201eImpfpflicht f\u00fcr Pflegekr\u00e4fte?\u201c<\/span> weiterlesen<\/a><\/p>\n","protected":false},"author":1,"featured_media":0,"comment_status":"open","ping_status":"open","sticky":false,"template":"","format":"standard","meta":{"footnotes":""},"categories":[11,53,156],"tags":[59,67,65,60,62,54,57,68,66,64,63,55,58,56],"class_list":["post-815","post","type-post","status-publish","format-standard","hentry","category-arbeitsleben","category-gesellschaft","category-pflege","tag-anerkennung","tag-corona","tag-gesundheitsbereich","tag-gesundheitswesen","tag-impfen","tag-impfpflicht","tag-impfverweigerer","tag-lehrer","tag-misstand","tag-pflege","tag-pflegeheim","tag-pflegekraefte","tag-pflegenotstand","tag-pflegewesen"],"_links":{"self":[{"href":"https:\/\/holger-montag.de\/index.php?rest_route=\/wp\/v2\/posts\/815","targetHints":{"allow":["GET"]}}],"collection":[{"href":"https:\/\/holger-montag.de\/index.php?rest_route=\/wp\/v2\/posts"}],"about":[{"href":"https:\/\/holger-montag.de\/index.php?rest_route=\/wp\/v2\/types\/post"}],"author":[{"embeddable":true,"href":"https:\/\/holger-montag.de\/index.php?rest_route=\/wp\/v2\/users\/1"}],"replies":[{"embeddable":true,"href":"https:\/\/holger-montag.de\/index.php?rest_route=%2Fwp%2Fv2%2Fcomments&post=815"}],"version-history":[{"count":1,"href":"https:\/\/holger-montag.de\/index.php?rest_route=\/wp\/v2\/posts\/815\/revisions"}],"predecessor-version":[{"id":816,"href":"https:\/\/holger-montag.de\/index.php?rest_route=\/wp\/v2\/posts\/815\/revisions\/816"}],"wp:attachment":[{"href":"https:\/\/holger-montag.de\/index.php?rest_route=%2Fwp%2Fv2%2Fmedia&parent=815"}],"wp:term":[{"taxonomy":"category","embeddable":true,"href":"https:\/\/holger-montag.de\/index.php?rest_route=%2Fwp%2Fv2%2Fcategories&post=815"},{"taxonomy":"post_tag","embeddable":true,"href":"https:\/\/holger-montag.de\/index.php?rest_route=%2Fwp%2Fv2%2Ftags&post=815"}],"curies":[{"name":"wp","href":"https:\/\/api.w.org\/{rel}","templated":true}]}}