{"id":813,"date":"2021-12-22T11:36:13","date_gmt":"2021-12-22T11:36:13","guid":{"rendered":"http:\/\/www.holger-montag.de\/?p=813"},"modified":"2021-12-22T11:36:13","modified_gmt":"2021-12-22T11:36:13","slug":"new-work-teil-3","status":"publish","type":"post","link":"https:\/\/holger-montag.de\/?p=813","title":{"rendered":"New Work (Teil 3)"},"content":{"rendered":"<p>Flexibel denkende und agil handelnde Mitarbeiter stehen bei vielen Unternehmen hoch im Kurs. Auch engagierte Quereinsteiger und \u2013denker sind gefragter denn je. Menschen, welche nicht nur ihre Arbeitszeit ableisten, sondern auch ihre individuellen F\u00e4higkeiten in den Job einbringen. Die mit viel Empathie auf Kunden und spezielle Problemstellungen eingehen und auch mal unorthodoxe Ideen entwickeln, wenn ausgefallene L\u00f6sungen notwendig sind.<\/p>\n<h2>New Work l\u00e4sst unkonventionelle Ideen zu<\/h2>\n<p>New Work in der Arbeitswelt 4.0 beinhaltet noch immer Frithjof Bergmanns Werte Selbstst\u00e4ndigkeit, pers\u00f6nliche Freiheit und Teilhabe an der Gemeinschaft. Die aktuelle Interpretation seiner Sozialutopie diskreditiert diese Werte also keineswegs, sondern setzt sie innerhalb der heutigen M\u00f6glichkeiten einzelner Unternehmen und Branchen in die Praxis um.<\/p>\n<p>Revolution\u00e4re Ideen lassen sich oftmals nur im Rahmen von Kompromissen realisieren. Dies trifft auf neue Techniken und Ideologien ebenso zu wie auf Visionen. Nicht immer sind deren Erfinder mit dem Ergebnis zufrieden, siehe Karl Marx. Und doch r\u00fccken auch Kompromisse die Welt meist ein St\u00fcck weit in die von ihnen angedachte Richtung.<\/p>\n<h2>Ans\u00e4tze f\u00fcr New Work: Der erste Schritt<\/h2>\n<p>Zun\u00e4chst ist nicht entscheidend, wie konsequent das eigene Unternehmen die Philosophie von New Work umsetzt. Allein das Wahrnehmen der Mitarbeiter als Individuum mit Familie, Zielen, Engagement, W\u00fcnschen, Talenten und Ideen durch den Vorgesetzten bedeutet vielerorts bereits einen bedeutenden Schritt nach vorn.<\/p>\n<p>Allerdings sollten auch die Mitarbeiter selbst an einer Verbesserung ihres Arbeitsumfelds und der Integration ihrer pers\u00f6nlichen F\u00e4higkeiten interessiert sein. Und nat\u00fcrlich motiviert, sich in diesen Prozess proaktiv einzubringen &#8211; egal, ob man ihn New Work nennt oder nicht. Gerade in bislang streng hierarchisch gef\u00fchrten Organisationen ist dies keine Selbstverst\u00e4ndlichkeit.<\/p>\n<h2>Freiheit, Teilhabe und Selbstst\u00e4ndigkeit: Die Werte von New Work<\/h2>\n<p>Den\u00a0 Arbeitnehmern wurde mit Einf\u00fchrung der Vertrauensarbeitszeit eine gewisse Selbstbestimmtheit gew\u00e4hrt. Schlie\u00dftag in der Kita? In Ordnung, dann mache ich heute halt Home Office. Oma zum Arzt fahren? Dank gleitender Arbeitszeit kein Problem.<\/p>\n<p>Das Vertrauen des Arbeitgebers ersetzte die Kontrolle und das Einr\u00e4umen von Freiheiten f\u00fchrte zu erh\u00f6hter Selbstst\u00e4ndigkeit bei den Mitarbeitern.<\/p>\n<p>Deren Eigenverantwortung kann weiter gesteigert werden, indem sie beispielsweise ihre Budgets selbst verwalten oder in wichtige unternehmerische Prozesse miteinbezogen werden.<\/p>\n<p>So sind die Mitarbeiter mancher Unternehmen bei Entscheidungen stimmberechtigt, k\u00f6nnen eigene Leistungsziele selbst festlegen oder werden am Unternehmenserfolg beteiligt. Im Idealfall f\u00fchlt ihre Arbeit sich an wie die am eigenen Start-Up. Work-Life-Fusion statt nur \u2013Balance.<\/p>\n<p>&nbsp;<\/p>\n<p>\u2013 Geht das denn auch in Branchen wie beispielsweise der Pflege?\u00a0 In Teil 4 dieses Beitrags zeigen wir M\u00f6glichkeiten auf . \u2013<\/p>\n<hr \/>\n<p><em>Als Freelancer recherchiere ich regelm\u00e4\u00dfig zu gesellschaftlichen Themen und verfasse im Auftrag Dritter Sachtexte wie diesen. Falls auch Sie einen Ghostwriter f\u00fcr Texte suchen, kontaktieren Sie mich einfach \u00fcber den Men\u00fcpunkt Freelancer Text.<\/em><\/p>\n","protected":false},"excerpt":{"rendered":"<p>Flexibel denkende und agil handelnde Mitarbeiter stehen bei vielen Unternehmen hoch im Kurs. Auch engagierte Quereinsteiger und \u2013denker sind gefragter denn je. Menschen, welche nicht nur ihre Arbeitszeit ableisten, sondern auch ihre individuellen F\u00e4higkeiten in den Job einbringen. Die mit viel Empathie auf Kunden und spezielle Problemstellungen eingehen und auch mal unorthodoxe Ideen entwickeln, wenn &hellip; <\/p>\n<p class=\"link-more\"><a href=\"https:\/\/holger-montag.de\/?p=813\" class=\"more-link\"><span class=\"screen-reader-text\">\u201eNew Work (Teil 3)\u201c<\/span> weiterlesen<\/a><\/p>\n","protected":false},"author":1,"featured_media":0,"comment_status":"open","ping_status":"open","sticky":false,"template":"","format":"standard","meta":{"footnotes":""},"categories":[11,53],"tags":[44,10,45,42,50,49,46,41,51,52,48,47,7],"class_list":["post-813","post","type-post","status-publish","format-standard","hentry","category-arbeitsleben","category-gesellschaft","tag-arbeitsmodell","tag-arbeitszeiterfassung","tag-arbeitszeitmodell","tag-bergmann","tag-beruf","tag-berufung","tag-neue-arbeit","tag-new-work","tag-potential","tag-selbststaendig","tag-sinnsuche","tag-sozialutopie","tag-vertrauensarbeitszeit"],"_links":{"self":[{"href":"https:\/\/holger-montag.de\/index.php?rest_route=\/wp\/v2\/posts\/813","targetHints":{"allow":["GET"]}}],"collection":[{"href":"https:\/\/holger-montag.de\/index.php?rest_route=\/wp\/v2\/posts"}],"about":[{"href":"https:\/\/holger-montag.de\/index.php?rest_route=\/wp\/v2\/types\/post"}],"author":[{"embeddable":true,"href":"https:\/\/holger-montag.de\/index.php?rest_route=\/wp\/v2\/users\/1"}],"replies":[{"embeddable":true,"href":"https:\/\/holger-montag.de\/index.php?rest_route=%2Fwp%2Fv2%2Fcomments&post=813"}],"version-history":[{"count":1,"href":"https:\/\/holger-montag.de\/index.php?rest_route=\/wp\/v2\/posts\/813\/revisions"}],"predecessor-version":[{"id":814,"href":"https:\/\/holger-montag.de\/index.php?rest_route=\/wp\/v2\/posts\/813\/revisions\/814"}],"wp:attachment":[{"href":"https:\/\/holger-montag.de\/index.php?rest_route=%2Fwp%2Fv2%2Fmedia&parent=813"}],"wp:term":[{"taxonomy":"category","embeddable":true,"href":"https:\/\/holger-montag.de\/index.php?rest_route=%2Fwp%2Fv2%2Fcategories&post=813"},{"taxonomy":"post_tag","embeddable":true,"href":"https:\/\/holger-montag.de\/index.php?rest_route=%2Fwp%2Fv2%2Ftags&post=813"}],"curies":[{"name":"wp","href":"https:\/\/api.w.org\/{rel}","templated":true}]}}