{"id":808,"date":"2021-12-15T18:25:01","date_gmt":"2021-12-15T18:25:01","guid":{"rendered":"http:\/\/www.holger-montag.de\/?p=808"},"modified":"2022-08-24T18:10:56","modified_gmt":"2022-08-24T18:10:56","slug":"das-nein-zum-falschen-thema","status":"publish","type":"post","link":"https:\/\/holger-montag.de\/?p=808","title":{"rendered":"Das Nein zum falschen Thema"},"content":{"rendered":"<p>Nun ist es beschlossene Sache: Mitarbeitende im Gesundheitswesen &#8211; betroffen sind vor allem diejenigen in Kliniken und Pflegeheimen &#8211; m\u00fcssen ab M\u00e4rz 2022 einen vollst\u00e4ndigen Impfschutz oder eine Gesung nachweisen. 571 der 689 Abgeordneten des Bundestages stimmten f\u00fcr das Gesetz der Ampel-Koalition, nur 80 dagegen.<\/p>\n<p>In vielen Foren wird bereits seit Wochen \u00fcber das Thema diskutiert, meist sehr emotionsgeladen. Auch ich habe mich daran beteiligt, allerdings ohne gro\u00dfe Hoffnung, dass sich hier ein Kompromiss erzielen l\u00e4sst. Wie \u00fcberall in Deutschland, sind die Lager auch und gerade im Gesundheitsbereich extrem gespalten, wenn es ums Impfen geht.<\/p>\n<p>Die Einen sind l\u00e4ngst geimpft und sehen in impfkritischen Pflegekr\u00e4ften eine &#8211; wenn nicht <em>die<\/em> &#8211; Ursache f\u00fcr hohe Infektionszahlen und versch\u00e4rfte Corona-Regeln. Die Anderen sehen sich bevormundet, beharren auf ihrer pers\u00f6nlichen Entscheidungsfreiheit und schieben als Grund ihrer ablehnenden Haltung die Skepsis vor den nicht ausreichend getesteten Impfstoffen vor.<\/p>\n<h2>Impfverweigerung als Form des Protests?<\/h2>\n<p>In Wahrheit geht es noch um etwas ganz Anderes: Pflegekr\u00e4fte durchleiden seit Jahren eine Durststrecke. Der deutsche Pflegenotstand ist bereits legend\u00e4r wie das Ozonloch und erscheint folgerichtig mit zunehmender Dauer und Ignoranz seitens aller g\u00e4ngigen politischen Parteien unl\u00f6sbarer als sein Bruder, der Klimanotstand.<\/p>\n<p>Mitarbeitende im Gesundheitswesen haben es satt, von der Politik und der Gesellschaft mit immer neuen Forderungen belegt zu werden, ohne f\u00fcr deren Erf\u00fcllung eine Gegenleistung zu erhalten. H\u00f6here L\u00f6hne etwa oder mehr Planstellen, berufliche Entwicklungsm\u00f6glichkeiten und einiges mehr, was in den letzten Jahrzehnten immer wieder aufgeschoben wurde.<\/p>\n<p>Lange schon warten sie auf ein Zeichen der Anerkennung und des Umbruchs. Die seitens der Politik auf den Weg gebrachte Impfpflicht f\u00fcr Mitarbeitende im Gesundheitswesen untermauert das Dilemma: Einerseits achtet man sie f\u00fcr ihre wertvolle, stressige und obendrein schlechtbezahlte Arbeit, andererseits w\u00fcrde eine Linderung ihres Elends halt Geld kosten. Viel Geld.<\/p>\n<h2>Nein zum Nein<\/h2>\n<p>Und so sagen viele Pflegekr\u00e4fte nun mal Nein. Ob aus \u00dcberzeugung oder Trotz: Dieses Nein kommt zur falschen Zeit und zum falschen Thema. Gro\u00dfe Teile der Gesellschaft w\u00fcrden sie sogar bei einem Arbeitskampf unterst\u00fctzen, der einer Verbesserung der Arbeitsbedingungen dient. Aber nicht beim Thema Impfung.<\/p>\n<p>Diesmal wird Ihnen die Gesellschaft ihre Sympathien vorenthalten. Zu unverst\u00e4ndlich erscheint es einem geboosterten Senioren, dass sein Pfleger sich einer Erstimpfung verweigert. W\u00e4hrend seine Kinder und Enkelkinder ihn in Zukunft wom\u00f6glich nur noch vollst\u00e4ndig geimpft besuchen d\u00fcrfen und deren Impfstatus von ebenjenem Pfleger kontrolliert wird.<\/p>\n<p>Die beschlossene Impfpflicht wird etwas bewirken, so oder so. Viele Pflegekr\u00e4fte drohen mit K\u00fcndigung. Nicht wegen der schwierigen Arbeitsverh\u00e4ltnisse oder der Weigerung aller Volksparteien, etwas an diesen zu \u00e4ndern, zumindest mittelfristig. Nein. Den Stress und den Schichtbetrieb k\u00f6nnen sie inzwischen ertragen. Eine Impfpflicht nicht.<\/p>\n<p>&nbsp;<\/p>\n<p>&nbsp;<\/p>\n","protected":false},"excerpt":{"rendered":"<p>Nun ist es beschlossene Sache: Mitarbeitende im Gesundheitswesen &#8211; betroffen sind vor allem diejenigen in Kliniken und Pflegeheimen &#8211; m\u00fcssen ab M\u00e4rz 2022 einen vollst\u00e4ndigen Impfschutz oder eine Gesung nachweisen. 571 der 689 Abgeordneten des Bundestages stimmten f\u00fcr das Gesetz der Ampel-Koalition, nur 80 dagegen. In vielen Foren wird bereits seit Wochen \u00fcber das Thema &hellip; <\/p>\n<p class=\"link-more\"><a href=\"https:\/\/holger-montag.de\/?p=808\" class=\"more-link\"><span class=\"screen-reader-text\">\u201eDas Nein zum falschen Thema\u201c<\/span> weiterlesen<\/a><\/p>\n","protected":false},"author":1,"featured_media":0,"comment_status":"open","ping_status":"open","sticky":false,"template":"","format":"standard","meta":{"footnotes":""},"categories":[11,53,156],"tags":[59,60,62,54,57,61,64,63,55,58,56],"class_list":["post-808","post","type-post","status-publish","format-standard","hentry","category-arbeitsleben","category-gesellschaft","category-pflege","tag-anerkennung","tag-gesundheitswesen","tag-impfen","tag-impfpflicht","tag-impfverweigerer","tag-klinik","tag-pflege","tag-pflegeheim","tag-pflegekraefte","tag-pflegenotstand","tag-pflegewesen"],"_links":{"self":[{"href":"https:\/\/holger-montag.de\/index.php?rest_route=\/wp\/v2\/posts\/808","targetHints":{"allow":["GET"]}}],"collection":[{"href":"https:\/\/holger-montag.de\/index.php?rest_route=\/wp\/v2\/posts"}],"about":[{"href":"https:\/\/holger-montag.de\/index.php?rest_route=\/wp\/v2\/types\/post"}],"author":[{"embeddable":true,"href":"https:\/\/holger-montag.de\/index.php?rest_route=\/wp\/v2\/users\/1"}],"replies":[{"embeddable":true,"href":"https:\/\/holger-montag.de\/index.php?rest_route=%2Fwp%2Fv2%2Fcomments&post=808"}],"version-history":[{"count":3,"href":"https:\/\/holger-montag.de\/index.php?rest_route=\/wp\/v2\/posts\/808\/revisions"}],"predecessor-version":[{"id":811,"href":"https:\/\/holger-montag.de\/index.php?rest_route=\/wp\/v2\/posts\/808\/revisions\/811"}],"wp:attachment":[{"href":"https:\/\/holger-montag.de\/index.php?rest_route=%2Fwp%2Fv2%2Fmedia&parent=808"}],"wp:term":[{"taxonomy":"category","embeddable":true,"href":"https:\/\/holger-montag.de\/index.php?rest_route=%2Fwp%2Fv2%2Fcategories&post=808"},{"taxonomy":"post_tag","embeddable":true,"href":"https:\/\/holger-montag.de\/index.php?rest_route=%2Fwp%2Fv2%2Ftags&post=808"}],"curies":[{"name":"wp","href":"https:\/\/api.w.org\/{rel}","templated":true}]}}