{"id":781,"date":"2021-12-03T22:03:09","date_gmt":"2021-12-03T22:03:09","guid":{"rendered":"http:\/\/www.holger-montag.de\/?p=781"},"modified":"2021-12-10T10:26:15","modified_gmt":"2021-12-10T10:26:15","slug":"injenernacht","status":"publish","type":"post","link":"https:\/\/holger-montag.de\/?p=781","title":{"rendered":"InjenerNacht &#8211; Die Idee"},"content":{"rendered":"<p><a href=\"http:\/\/holger-montag.de\/wp-content\/uploads\/2021\/12\/20181108_132522.jpg\"><img loading=\"lazy\" decoding=\"async\" class=\"alignnone size-medium wp-image-782\" src=\"http:\/\/holger-montag.de\/wp-content\/uploads\/2021\/12\/20181108_132522-212x300.jpg\" alt=\"\" width=\"212\" height=\"300\" srcset=\"https:\/\/holger-montag.de\/wp-content\/uploads\/2021\/12\/20181108_132522-212x300.jpg 212w, https:\/\/holger-montag.de\/wp-content\/uploads\/2021\/12\/20181108_132522-724x1024.jpg 724w, https:\/\/holger-montag.de\/wp-content\/uploads\/2021\/12\/20181108_132522-768x1087.jpg 768w, https:\/\/holger-montag.de\/wp-content\/uploads\/2021\/12\/20181108_132522-1086x1536.jpg 1086w, https:\/\/holger-montag.de\/wp-content\/uploads\/2021\/12\/20181108_132522-1448x2048.jpg 1448w, https:\/\/holger-montag.de\/wp-content\/uploads\/2021\/12\/20181108_132522.jpg 1543w\" sizes=\"auto, (max-width: 212px) 100vw, 212px\" \/><\/a><\/p>\n<p>Nach einigen Jahren Pause habe ich die Arbeit an einem meiner Projekte wieder aufgenommen. <em>InjenerNacht<\/em> &#8211; so der Arbeitstitel &#8211; sollte meine erste graphic novel werden. \u00dcber einige wenige Tuschzeichnungen bin ich damals nicht hinausgekommen und das gew\u00e4hlte Thema schien mich zu erschlagen. Selbst f\u00fcr einen Roman war irgendwann der Zeitaufwand nicht mehr einzusch\u00e4tzen.<\/p>\n<p>Protagonist sollte der zw\u00f6lfj\u00e4hrige Fabian Schiller sein. Herumgereicht zwischen Tanten, Onkeln und Bekannten seiner Eltern, seine ganze Habe in eine Sporttasche gestopft, taumelt der Junge durch das Deutschland des Jahres 1980. Seine Eltern sind verschwunden, sein Onkel wird ebenso gesucht wie sein Vater. R\u00e4tselhafte M\u00e4nner verfolgen ihn, einer von ihnen verh\u00f6rt Fabian stundenlang im B\u00fcro des Direktors.<\/p>\n<p>Denn Fabians Eltern hatten sich vor\u00fcbergehend auf Irrwege begeben. Ihre Lehrer, den B\u00fcrgermeister, den Hochschulprofessor, &#8211; der Fabians Mutter bel\u00e4stigte -, den \u00f6rtlichen Fabrikdirektor und den Richter, der seinen verletzten Vater nach der Schlacht um Brokdorf einsperren lie\u00df, hatten die \u00e4lteren B\u00fcrger des Viertels noch als stramme Nationalsozialisten kennengelernt. Nach dem Krieg wieder in Amt und W\u00fcrden gesetzt, waren ihnen die jungen Eltern ein Dorn im Auge.<\/p>\n<p>Der staatlichen Gewalt war mit friedlicher Gegenwehr nicht beizukommen. Die neu gegr\u00fcndete Bundesrepublik schien auf einer L\u00fcge aufgebaut zu sein. Fabians Eltern haderten, sehnten aber einen Umbruch herbei &#8211; und \u00fcberschritten irgendwann die Schwelle zwischen Protest und Terror.\u00a0 Obwohl sie sich schon bald vom harten Kern der Mitstreiter distanzierten, die mit der RAF sympathisierten, waren sie vom Verfassungsschutz l\u00e4ngst als Gef\u00e4hrder eingeordnet worden.<\/p>\n<p>Fabian wei\u00df von alledem nichts. Er erlebt blo\u00df die Folgen dieser Handlungsketten, die Willk\u00fcr eines konservativen Staates, der in vielem noch die Denkweise des Vorkriegsdeutschlands verk\u00f6rpert und dem in einer Zeit des gesellschaftlichen Umbruchs eine ganze Generation mit Ablehnung, Freiheitsdrang, Konventionsbr\u00fcchen und Revolutionsfantasien gegen\u00fcber steht. Ein unschuldiger Junge, hin und her geworfen zwischen den Fronten eines neuen, gesellschaftlichen Krieges.<\/p>\n","protected":false},"excerpt":{"rendered":"<p>Nach einigen Jahren Pause habe ich die Arbeit an einem meiner Projekte wieder aufgenommen. InjenerNacht &#8211; so der Arbeitstitel &#8211; sollte meine erste graphic novel werden. \u00dcber einige wenige Tuschzeichnungen bin ich damals nicht hinausgekommen und das gew\u00e4hlte Thema schien mich zu erschlagen. Selbst f\u00fcr einen Roman war irgendwann der Zeitaufwand nicht mehr einzusch\u00e4tzen. Protagonist &hellip; <\/p>\n<p class=\"link-more\"><a href=\"https:\/\/holger-montag.de\/?p=781\" class=\"more-link\"><span class=\"screen-reader-text\">\u201eInjenerNacht &#8211; Die Idee\u201c<\/span> weiterlesen<\/a><\/p>\n","protected":false},"author":1,"featured_media":0,"comment_status":"open","ping_status":"open","sticky":false,"template":"","format":"standard","meta":{"footnotes":""},"categories":[40],"tags":[34,37,39,32,31,38,36,33,35],"class_list":["post-781","post","type-post","status-publish","format-standard","hentry","category-wort-und-bild","tag-34","tag-brokdorf","tag-demonstrationen","tag-fabian","tag-in-jener-nacht","tag-nachkriegsdeutschland","tag-raf","tag-studentenrevolte","tag-verfassungsschutz"],"_links":{"self":[{"href":"https:\/\/holger-montag.de\/index.php?rest_route=\/wp\/v2\/posts\/781","targetHints":{"allow":["GET"]}}],"collection":[{"href":"https:\/\/holger-montag.de\/index.php?rest_route=\/wp\/v2\/posts"}],"about":[{"href":"https:\/\/holger-montag.de\/index.php?rest_route=\/wp\/v2\/types\/post"}],"author":[{"embeddable":true,"href":"https:\/\/holger-montag.de\/index.php?rest_route=\/wp\/v2\/users\/1"}],"replies":[{"embeddable":true,"href":"https:\/\/holger-montag.de\/index.php?rest_route=%2Fwp%2Fv2%2Fcomments&post=781"}],"version-history":[{"count":3,"href":"https:\/\/holger-montag.de\/index.php?rest_route=\/wp\/v2\/posts\/781\/revisions"}],"predecessor-version":[{"id":785,"href":"https:\/\/holger-montag.de\/index.php?rest_route=\/wp\/v2\/posts\/781\/revisions\/785"}],"wp:attachment":[{"href":"https:\/\/holger-montag.de\/index.php?rest_route=%2Fwp%2Fv2%2Fmedia&parent=781"}],"wp:term":[{"taxonomy":"category","embeddable":true,"href":"https:\/\/holger-montag.de\/index.php?rest_route=%2Fwp%2Fv2%2Fcategories&post=781"},{"taxonomy":"post_tag","embeddable":true,"href":"https:\/\/holger-montag.de\/index.php?rest_route=%2Fwp%2Fv2%2Ftags&post=781"}],"curies":[{"name":"wp","href":"https:\/\/api.w.org\/{rel}","templated":true}]}}