{"id":775,"date":"2021-12-03T17:54:08","date_gmt":"2021-12-03T17:54:08","guid":{"rendered":"http:\/\/www.holger-montag.de\/?p=775"},"modified":"2021-12-10T10:24:47","modified_gmt":"2021-12-10T10:24:47","slug":"das-eugh-urteil-zur-arbeitszeiterfassung-teil-4","status":"publish","type":"post","link":"https:\/\/holger-montag.de\/?p=775","title":{"rendered":"Arbeitszeiterfassung: Das EuGH-Urteil von 2019 (Teil 4)"},"content":{"rendered":"<p>Aber was bedeutet das EuGH-Urteil nun f\u00fcr deutsche Betriebe? \u201eMach&#8217;s gut, Vertrauen?\u201c<\/p>\n<p>Nein. Die Erfassung geleisteter Arbeitszeiten kollidiert nicht mit dem der Vertrauensarbeitszeit zugrunde liegenden Gedanken der Eigenverantwortung und Flexibilit\u00e4t. Durch Dokumentierung ihrer Arbeitszeiten geben die Arbeitnehmer ihre Souver\u00e4nit\u00e4t ja keineswegs preis. M\u00f6glicherweise steigert der bessere \u00dcberblick \u00fcber ihre tats\u00e4chlich geleisteten Zeiten sogar ihre Lebensqualit\u00e4t durch weniger Mehrarbeitsstunden. Und damit die von Arbeitgebern gew\u00fcnschte Motivation.<\/p>\n<p>Das Vertrauen eines Arbeitgebers in seinen Mitarbeiter h\u00e4ngt ja nicht von europ\u00e4ischen oder nationalen Urteilen ab. Vielmehr von der Wertsch\u00e4tzung, mit der beide einander begegnen. Diese wird wie erw\u00e4hnt nicht dadurch untergraben, dass die bislang im Kopf notierten Arbeitszeiten in Zukunft genau erfasst werden. Aber man schafft mit diesem Instrument eine f\u00fcr beide Seiten verl\u00e4ssliche Rechtssicherheit.<\/p>\n<p>Daher kommt der Abgesang auf die Vertrauensarbeitszeit verfr\u00fcht. Nat\u00fcrlich bringt das Dokumentieren von Arbeitszeiten Kosten und Verwaltungsaufwand mit sich. Aber dank moderner Zeiterfassungssysteme d\u00fcrfte sich beides in Grenzen halten. Und m\u00f6glicherweise in Zukunft teure Rechtsstreits wie denjenigen vermeiden, welcher dem EuGH-Urteil zugrunde lag.<\/p>\n<p>So bedeutet das Urteil aus Luxemburg also keine Diskreditierung, sondern je nach Sichtweise sogar eine Aufwertung der Vertrauensarbeitszeit. Demnach sollte es nicht hei\u00dfen: \u201eMach\u2019s gut!\u201c Sondern vielmehr: \u201eMachen wir\u2019s k\u00fcnftig besser.\u201c<\/p>\n<p style=\"text-align: center;\">\u2295\u2295\u2295<\/p>\n<hr \/>\n<p><em>Als Freelancer recherchiere ich regelm\u00e4\u00dfig zu gesellschaftlichen Themen und verfasse im Auftrag Dritter Sachtexte wie diesen. Falls auch Sie einen Ghostwriter f\u00fcr Texte suchen, kontaktieren Sie mich einfach \u00fcber den Men\u00fcpunkt Freelancer Text.<\/em><\/p>\n","protected":false},"excerpt":{"rendered":"<p>Aber was bedeutet das EuGH-Urteil nun f\u00fcr deutsche Betriebe? \u201eMach&#8217;s gut, Vertrauen?\u201c Nein. Die Erfassung geleisteter Arbeitszeiten kollidiert nicht mit dem der Vertrauensarbeitszeit zugrunde liegenden Gedanken der Eigenverantwortung und Flexibilit\u00e4t. Durch Dokumentierung ihrer Arbeitszeiten geben die Arbeitnehmer ihre Souver\u00e4nit\u00e4t ja keineswegs preis. M\u00f6glicherweise steigert der bessere \u00dcberblick \u00fcber ihre tats\u00e4chlich geleisteten Zeiten sogar ihre Lebensqualit\u00e4t &hellip; <\/p>\n<p class=\"link-more\"><a href=\"https:\/\/holger-montag.de\/?p=775\" class=\"more-link\"><span class=\"screen-reader-text\">\u201eArbeitszeiterfassung: Das EuGH-Urteil von 2019 (Teil 4)\u201c<\/span> weiterlesen<\/a><\/p>\n","protected":false},"author":1,"featured_media":0,"comment_status":"open","ping_status":"open","sticky":false,"template":"","format":"standard","meta":{"footnotes":""},"categories":[11],"tags":[10,9,5,7,6,8],"class_list":["post-775","post","type-post","status-publish","format-standard","hentry","category-arbeitsleben","tag-arbeitszeiterfassung","tag-arbeitszeitkonto","tag-eugh-urteil","tag-vertrauensarbeitszeit","tag-zeiterfassung","tag-zeitkonto"],"_links":{"self":[{"href":"https:\/\/holger-montag.de\/index.php?rest_route=\/wp\/v2\/posts\/775","targetHints":{"allow":["GET"]}}],"collection":[{"href":"https:\/\/holger-montag.de\/index.php?rest_route=\/wp\/v2\/posts"}],"about":[{"href":"https:\/\/holger-montag.de\/index.php?rest_route=\/wp\/v2\/types\/post"}],"author":[{"embeddable":true,"href":"https:\/\/holger-montag.de\/index.php?rest_route=\/wp\/v2\/users\/1"}],"replies":[{"embeddable":true,"href":"https:\/\/holger-montag.de\/index.php?rest_route=%2Fwp%2Fv2%2Fcomments&post=775"}],"version-history":[{"count":4,"href":"https:\/\/holger-montag.de\/index.php?rest_route=\/wp\/v2\/posts\/775\/revisions"}],"predecessor-version":[{"id":792,"href":"https:\/\/holger-montag.de\/index.php?rest_route=\/wp\/v2\/posts\/775\/revisions\/792"}],"wp:attachment":[{"href":"https:\/\/holger-montag.de\/index.php?rest_route=%2Fwp%2Fv2%2Fmedia&parent=775"}],"wp:term":[{"taxonomy":"category","embeddable":true,"href":"https:\/\/holger-montag.de\/index.php?rest_route=%2Fwp%2Fv2%2Fcategories&post=775"},{"taxonomy":"post_tag","embeddable":true,"href":"https:\/\/holger-montag.de\/index.php?rest_route=%2Fwp%2Fv2%2Ftags&post=775"}],"curies":[{"name":"wp","href":"https:\/\/api.w.org\/{rel}","templated":true}]}}