{"id":708,"date":"2021-11-16T21:35:06","date_gmt":"2021-11-16T21:35:06","guid":{"rendered":"http:\/\/www.holger-montag.de\/?p=708"},"modified":"2021-12-10T10:25:38","modified_gmt":"2021-12-10T10:25:38","slug":"das-eugh-urteil-zur-arbeitszeiterfassung-teil-1","status":"publish","type":"post","link":"https:\/\/holger-montag.de\/?p=708","title":{"rendered":"Arbeitszeiterfassung: Das EuGH-Urteil von 2019 (Teil 1)"},"content":{"rendered":"<p>F\u00fcr manche ist sie im Lauf der Jahre zum Freund geworden, andere fremdeln noch heute mit ihr: Die Vertrauensarbeitszeit. Seit Monaten sorgt ein Urteil des Europ\u00e4ischen Gerichtshofes in Luxemburg (EuGH) f\u00fcr Wirbel und die Wiedereinf\u00fchrung der generellen Arbeitszeiterfassung \u2013 wenn auch unter ver\u00e4nderten Vorzeichen.<\/p>\n<p>Wir informieren Sie in dem nachfolgenden Beitrag nochmals \u00fcber den dem Urteil zugrunde liegenden Rechtsstreit, den Ist- und Soll-Zustand der Vertrauensarbeitszeit sowie die Auswirkungen des Urteils f\u00fcr die EU-Staaten.<\/p>\n<h2>Ein Gespenst geht um<\/h2>\n<p>Zwei Punkte vorweg: Panik ist nicht angebracht. Es liegt zwar in der Natur juristischer Entscheidungen, dass diese je nach Standpunkt polarisiert, interpretiert und kommentiert werden. Ohne Meinungsverschiedenheiten k\u00e4me es schlie\u00dflich gar nicht erst zu den Streitigkeiten, welche ein richterliches Urteil erfordern. Bei aller Interpretationsfreiheit ist die von einigen empfundene Angst vor einer Reaktivierung der veralteten und im Keller verstaubenden Stechuhren jedoch unangebracht.<\/p>\n<p>Auch bedeutet das EuGH-Urteil keine generelle Abkehr von der Vertrauensarbeitszeit. Vielmehr offenbart es, wie unterschiedlich das ihr zugrunde liegende Konzept bislang aufgefasst wurde. Denn das Vertrauen\u00a0 eines Arbeitgebers in seinen Mitarbeiter, Aufgaben innerhalb seiner Arbeitszeit mit Elan und Sorgfalt nachzugehen, wird durch deren Dokumentation ja nicht diskreditiert. Und niemand wird dem Arbeitgeber sp\u00e4ter vorschreiben, diese Aufzeichnung einzusehen. Das Vertrauen bleibt also. Wenn es denn vorhanden war.<\/p>\n<h2>\u201eVertrauen ist gut, Kontrolle ist besser.\u201c<\/h2>\n<p>Solche und \u00e4hnliche Argumente von Kritikern begleiteten seinerzeit die Einf\u00fchrung der Vertrauensarbeitszeit und den Abschied von antiquierten Stechkartensystemen. Dabei erwies sich die Bef\u00fcrchtung mancher als unbegr\u00fcndet, die vertraglich vereinbarten Arbeitszeiten w\u00fcrden unterschritten, sobald sie nicht mehr dokumentiert werden. Im Gegenteil: Die Zahl der geleisteten Mehrarbeitsstunden stieg nach Abschaffung starrer Arbeitszeiten sogar an. Deutschlandweit lag sie im vergangenen Jahr laut Auskunft der Bundesregierung bei \u00fcber 2 Milliarden Stunden.<\/p>\n<p>Urspr\u00fcnglich hatte die Vertrauensarbeitszeit neben einer Senkung der Personalkosten zum Ziel, den Anforderungen einer modernen Welt Rechnung zu tragen, die eine bessere Vereinbarkeit von Beruf und Familie erfordert. Die Flexibilit\u00e4t sollte erh\u00f6ht, die Eigenverantwortung &#8211; und damit die Motivation &#8211; der Arbeitnehmer gesteigert werden.<\/p>\n<h2>Ist- und Sollzustand der Zeiterfassung<\/h2>\n<p>Deren Arbeitgeber schenkten ihnen das Vertrauen, ihre vertraglich vereinbarten Arbeits- und Ruhezeiten auch ohne kontrollierende Instanzen einzuhalten und sich im Rahmen dieser Vorgaben selbst zu organisieren. Mehrarbeit sollte nicht mehr f\u00fcr Extra-Urlaubstage angeh\u00e4uft, sondern in kleinem Umfang mit einem Zeitausgleich kompensiert werden.<\/p>\n<p>In Deutschland musste bislang denn auch nur die Arbeitszeit dokumentiert werden, welche \u00fcber die Regelarbeitszeit von 8 Stunden t\u00e4glich hinaus geleistet wurde. Diese Praxis ist laut des Urteils des Europ\u00e4ischen Gerichtshofes in Luxemburg (EuGH) jedoch unwirksam. Wie, so die Ausgangsfrage des Urteils, soll man Mehrarbeit erfassen, wenn weder die regul\u00e4re Arbeitszeit von maximal 48 Stunden pro Woche noch Ruhezeiten von t\u00e4glich mindestens 11 Stunden dokumentiert werden? Es sei daher erforderlich, Arbeitszeiten innerhalb der EU k\u00fcnftig exakt zu erfassen.<\/p>\n<p>&nbsp;<\/p>\n<p>&nbsp;<\/p>\n<p>&#8211; Aber warum das Ganze \u00fcberhaupt? Das k\u00f6nnen Sie in Teil 2 dieses Beitrags nachlesen. &#8211;<\/p>\n<hr \/>\n<p><em>Als Freelancer recherchiere ich regelm\u00e4\u00dfig zu gesellschaftlichen Themen und verfasse im Auftrag Dritter Sachtexte wie diesen. Falls auch Sie einen Ghostwriter f\u00fcr Texte suchen, kontaktieren Sie mich einfach \u00fcber den Men\u00fcpunkt Freelancer Text.<\/em><\/p>\n","protected":false},"excerpt":{"rendered":"<p>F\u00fcr manche ist sie im Lauf der Jahre zum Freund geworden, andere fremdeln noch heute mit ihr: Die Vertrauensarbeitszeit. Seit Monaten sorgt ein Urteil des Europ\u00e4ischen Gerichtshofes in Luxemburg (EuGH) f\u00fcr Wirbel und die Wiedereinf\u00fchrung der generellen Arbeitszeiterfassung \u2013 wenn auch unter ver\u00e4nderten Vorzeichen. Wir informieren Sie in dem nachfolgenden Beitrag nochmals \u00fcber den dem &hellip; <\/p>\n<p class=\"link-more\"><a href=\"https:\/\/holger-montag.de\/?p=708\" class=\"more-link\"><span class=\"screen-reader-text\">\u201eArbeitszeiterfassung: Das EuGH-Urteil von 2019 (Teil 1)\u201c<\/span> weiterlesen<\/a><\/p>\n","protected":false},"author":1,"featured_media":0,"comment_status":"open","ping_status":"open","sticky":false,"template":"","format":"standard","meta":{"footnotes":""},"categories":[11],"tags":[10,9,5,7,6,8],"class_list":["post-708","post","type-post","status-publish","format-standard","hentry","category-arbeitsleben","tag-arbeitszeiterfassung","tag-arbeitszeitkonto","tag-eugh-urteil","tag-vertrauensarbeitszeit","tag-zeiterfassung","tag-zeitkonto"],"_links":{"self":[{"href":"https:\/\/holger-montag.de\/index.php?rest_route=\/wp\/v2\/posts\/708","targetHints":{"allow":["GET"]}}],"collection":[{"href":"https:\/\/holger-montag.de\/index.php?rest_route=\/wp\/v2\/posts"}],"about":[{"href":"https:\/\/holger-montag.de\/index.php?rest_route=\/wp\/v2\/types\/post"}],"author":[{"embeddable":true,"href":"https:\/\/holger-montag.de\/index.php?rest_route=\/wp\/v2\/users\/1"}],"replies":[{"embeddable":true,"href":"https:\/\/holger-montag.de\/index.php?rest_route=%2Fwp%2Fv2%2Fcomments&post=708"}],"version-history":[{"count":6,"href":"https:\/\/holger-montag.de\/index.php?rest_route=\/wp\/v2\/posts\/708\/revisions"}],"predecessor-version":[{"id":795,"href":"https:\/\/holger-montag.de\/index.php?rest_route=\/wp\/v2\/posts\/708\/revisions\/795"}],"wp:attachment":[{"href":"https:\/\/holger-montag.de\/index.php?rest_route=%2Fwp%2Fv2%2Fmedia&parent=708"}],"wp:term":[{"taxonomy":"category","embeddable":true,"href":"https:\/\/holger-montag.de\/index.php?rest_route=%2Fwp%2Fv2%2Fcategories&post=708"},{"taxonomy":"post_tag","embeddable":true,"href":"https:\/\/holger-montag.de\/index.php?rest_route=%2Fwp%2Fv2%2Ftags&post=708"}],"curies":[{"name":"wp","href":"https:\/\/api.w.org\/{rel}","templated":true}]}}