{"id":1572,"date":"2025-03-04T12:21:54","date_gmt":"2025-03-04T12:21:54","guid":{"rendered":"https:\/\/holger-montag.de\/?p=1572"},"modified":"2025-03-04T12:27:55","modified_gmt":"2025-03-04T12:27:55","slug":"selbstplanung-teil-2","status":"publish","type":"post","link":"https:\/\/holger-montag.de\/?p=1572","title":{"rendered":"Selbstplanung (Teil 2)"},"content":{"rendered":"<p>. . .<\/p>\n<h2>Mitarbeiterbindung durch Selbstplanung<\/h2>\n<p>Eine Schl\u00fcsselrolle bei der Fachkr\u00e4ftegewinnung und dem Halten von Mitarbeitern wird k\u00fcnftig dem Grad der Mitbestimmung zufallen, die das eigene Unternehmen zul\u00e4sst. Im Zeitalter der flachen Hierarchien m\u00f6chten Arbeitnehmer sich nicht mehr vorschreiben lassen, wer wann welche Schichten \u00fcbernimmt und dass immer dieselben Mitarbeiter ihren Jahresurlaub verschieben und t\u00e4glich im B\u00fcro erscheinen m\u00fcssen, statt wie ihre Kollegen Homeoffice-Tage einzulegen.<\/p>\n<p>Die vielerorts geforderte Mitbestimmung durch die Mitarbeiter ist auch f\u00fcr den Arbeitgeber von Vorteil \u2013 insbesondere dann, wenn er sie an den Planungsprozessen beteiligt oder ihnen Aufgaben \u00fcbertr\u00e4gt, die den eigentlich Verantwortlichen entlasten. Nach dem Motto: Mitbestimmung ist gut, Selbstplanung ist besser. Zeitersparnis plus mehr Zufriedenheit innerhalb der Belegschaft? Klingt fast zu sch\u00f6n, um wahr zu sein.<\/p>\n<h2>Einige Fakten zur Mitarbeiterbindung<\/h2>\n<p>Noch immer wird sie untersch\u00e4tzt: Der Mitarbeiterzufriedenheit f\u00e4llt eine Schl\u00fcsselrolle beim Halten und der Gewinnung von Fachkr\u00e4ften zu. Anders als von vielen Arbeitgebern vermutet, verlassen Mitarbeiter ihr Unternehmen selten aus monet\u00e4ren Gr\u00fcnden, sondern weil ihnen eine Bindung zum Unternehmen fehlt.<\/p>\n<p>Zu dieser Entfremdung tragen viele (intern selbst verschuldete) Gr\u00fcnde bei: Eine intransparente Verteilung von Schichten zum Beispiel, wenig Mitspracherecht, ein andauernd hohes Stresslevel, mangelnde Wertsch\u00e4tzung oder ein ungerechtes und intransparentes Lohngef\u00fcge. Wer diese Punkte au\u00dfer Acht l\u00e4sst, riskiert und f\u00f6rdert die Abwanderung qualifizierter Mitarbeiter.<\/p>\n<h2>F\u00fchrt Selbstplanung wirklich zu Fehlbesetzungen?<\/h2>\n<p>Tats\u00e4chlich gibt es nicht nur Bef\u00fcrworter der Mitbestimmung und Selbstplanung. So bef\u00fcrchten Planungsverantwortliche einen gewissen Kontrollverlust, das Nichtbeachten von notwendigen Qualifikationen und eine l\u00fcckenhafte Planung, die letztlich auf sie zur\u00fcckf\u00e4llt oder durch die Summe etwaiger Nachbesserungsarbeiten keine Entlastung darstellt. Und auch die Mitarbeiter selbst w\u00fcnschen sich l\u00e4ngst nicht alle das Einr\u00e4umen von mehr Rechten bei der Planung.<\/p>\n<p>Vor allem dann nicht, wenn sie von dem althergebrachten, hierarchischen System bisher profitierten. Mehr Eigenverantwortung f\u00fcr den Einzelnen, mehr Absprachen auf Augenh\u00f6he? Warum? Einfach wie immer den Urlaubsantrag als Erster ausf\u00fcllen und einreichen, fertig. Sollen die Anderen doch schauen, wo sie bleiben, schulpflichtige Kinder hin oder her.<\/p>\n<p>. . .<\/p>\n","protected":false},"excerpt":{"rendered":"<p>. . . Mitarbeiterbindung durch Selbstplanung Eine Schl\u00fcsselrolle bei der Fachkr\u00e4ftegewinnung und dem Halten von Mitarbeitern wird k\u00fcnftig dem Grad der Mitbestimmung zufallen, die das eigene Unternehmen zul\u00e4sst. Im Zeitalter der flachen Hierarchien m\u00f6chten Arbeitnehmer sich nicht mehr vorschreiben lassen, wer wann welche Schichten \u00fcbernimmt und dass immer dieselben Mitarbeiter ihren Jahresurlaub verschieben und t\u00e4glich &hellip; <\/p>\n<p class=\"link-more\"><a href=\"https:\/\/holger-montag.de\/?p=1572\" class=\"more-link\"><span class=\"screen-reader-text\">\u201eSelbstplanung (Teil 2)\u201c<\/span> weiterlesen<\/a><\/p>\n","protected":false},"author":1,"featured_media":0,"comment_status":"open","ping_status":"open","sticky":false,"template":"","format":"standard","meta":{"footnotes":""},"categories":[11,53],"tags":[214,213,212,52],"class_list":["post-1572","post","type-post","status-publish","format-standard","hentry","category-arbeitsleben","category-gesellschaft","tag-dienstplan","tag-dienstplanung","tag-selbstplanung","tag-selbststaendig"],"_links":{"self":[{"href":"https:\/\/holger-montag.de\/index.php?rest_route=\/wp\/v2\/posts\/1572","targetHints":{"allow":["GET"]}}],"collection":[{"href":"https:\/\/holger-montag.de\/index.php?rest_route=\/wp\/v2\/posts"}],"about":[{"href":"https:\/\/holger-montag.de\/index.php?rest_route=\/wp\/v2\/types\/post"}],"author":[{"embeddable":true,"href":"https:\/\/holger-montag.de\/index.php?rest_route=\/wp\/v2\/users\/1"}],"replies":[{"embeddable":true,"href":"https:\/\/holger-montag.de\/index.php?rest_route=%2Fwp%2Fv2%2Fcomments&post=1572"}],"version-history":[{"count":2,"href":"https:\/\/holger-montag.de\/index.php?rest_route=\/wp\/v2\/posts\/1572\/revisions"}],"predecessor-version":[{"id":1581,"href":"https:\/\/holger-montag.de\/index.php?rest_route=\/wp\/v2\/posts\/1572\/revisions\/1581"}],"wp:attachment":[{"href":"https:\/\/holger-montag.de\/index.php?rest_route=%2Fwp%2Fv2%2Fmedia&parent=1572"}],"wp:term":[{"taxonomy":"category","embeddable":true,"href":"https:\/\/holger-montag.de\/index.php?rest_route=%2Fwp%2Fv2%2Fcategories&post=1572"},{"taxonomy":"post_tag","embeddable":true,"href":"https:\/\/holger-montag.de\/index.php?rest_route=%2Fwp%2Fv2%2Ftags&post=1572"}],"curies":[{"name":"wp","href":"https:\/\/api.w.org\/{rel}","templated":true}]}}