{"id":1083,"date":"2022-10-02T13:04:03","date_gmt":"2022-10-02T13:04:03","guid":{"rendered":"http:\/\/www.holger-montag.de\/?p=1083"},"modified":"2022-10-02T13:07:42","modified_gmt":"2022-10-02T13:07:42","slug":"potzblitz-eine-generelle-zeiterfassung-teil-6","status":"publish","type":"post","link":"https:\/\/holger-montag.de\/?p=1083","title":{"rendered":"Potzblitz, eine generelle Zeiterfassung?!? (Teil 6)"},"content":{"rendered":"<p>Wie man es dreht und wendet: Von einem <em>\u00fcberst\u00fcrzten Reagieren<\/em> auf das EuGH-Urteil von 2019 kann jedenfalls nicht die Rede sein. Das politische Aussitzen hat seinerzeit lediglich einen Aufschub bei der Umsetzung von dessen Vorgaben gebracht.<\/p>\n<p><em>Faustdick \u00fcberraschen<\/em> sollten das BAG-Urteil und dessen Schlussfolgerungen deshalb niemanden mehr, es sei denn, man hatte \u00fcberhaupt nicht mehr mit einer Umsetzung gerechnet.<\/p>\n<h2>Reiz(wort)\u00fcberflutung: Das &#8222;Stechuhr-Urteil&#8220;<\/h2>\n<p>So wie m\u00f6glicherweise die Bundesvereinigung Deutscher Arbeitgeberverb\u00e4nde (BDA), die schon nach dem EuGH-Urteil 2019 kommentierte: &#8222;Wir Arbeitgeber sind gegen die generelle Wiedereinf\u00fchrung der Stechuhr im 21. Jahrhundert.&#8220; \u2013 und die das BAG-Urteil drei Jahre sp\u00e4ter f\u00fcr &#8222;\u00fcberst\u00fcrzt&#8220; h\u00e4lt. Unangenehm w\u00e4re hier das passende Adjektiv gewesen.<\/p>\n<p>Die Stechuhr ist in der gegenw\u00e4rtigen Debatte zum Reizwort geworden. Sogar das Urteil des Europ\u00e4ischen Gerichtshofes (EuGH) wurde mit dem Wort &#8222;Stechuhr-Urteil&#8220; belegt, obwohl das Wort nirgendwo in der gesamten Urteilsbegr\u00fcndung auftaucht. Das anachronistisch anmutende Bild einer Lochkarten-Stechuhr der Wirtschaftswunderjahre sollte ein in den Augen der Wortsch\u00f6pfer aus der Zeit gefallenes Urteil symbolisieren \u2013 wie auch das BAG-Urteil, dem ironischerweise ja die Frage zugrunde lag, wer f\u00fcr die &#8222;Einf\u00fchrung einer elektronischen Zeiterfassung&#8220; zust\u00e4ndig sei.<\/p>\n<h2>Schreckensvision Stechuhr: Kehrt das Grauen zur\u00fcck?<\/h2>\n<p>Die &#8222;R\u00fcckkehr zur Stechuhr&#8220; ist ohnehin die am h\u00e4ufigsten verwendete Schreckensvision der von den Urteilen 2019 wie auch 2022 \u00fcberrumpelt wirkenden Fachleute. Aber unabh\u00e4ngig davon, ob EuGH und BAG bei ihrer Urteilsfindung jemals an Lochkarten-Uhren dachten: Ist die Einf\u00fchrung einer solchen Stechuhr denn wirklich realistisch?<\/p>\n<p>Aber nein. Schlie\u00dflich gibt es inzwischen zeitgem\u00e4\u00dfe Praktiken zur Zeiterfassung. Wer noch immer die Schreckensvision Stechuhr aufrecht erh\u00e4lt, ist entweder ein technischer Nostalgiker \u2013 oder er hat sich aus anderen Gr\u00fcnden noch nicht in ausreichendem Ma\u00dfe mit modernen Alternativen befasst.<\/p>\n<p>Wie erw\u00e4hnt, schweben auch Bundesarbeitsminister Hubertus Heil (SPD) ausdr\u00fccklich elektronische Methoden zur Zeiterfassung vor.<\/p>\n<h2>Keine Angst vor der Stechuhr!<\/h2>\n<p>Auf diesem Sektor existieren bereits zahlreiche L\u00f6sungen, die weit mehr bieten als das Stempeln von Arbeitszeiten. Mit Hilfe digitaler Zeiterfassung haben Mitarbeiter dank intelligenter Technologie auch ihre \u00dcberstunden, Pausen, Urlaubstage und vieles mehr im Blick.<\/p>\n<p>Und zwar \u00fcberall. Ob im B\u00fcro, mobil oder im Homeoffice, mit festgelegten oder Vertrauensarbeitszeiten. Ganz selbstverst\u00e4ndlich und ohne <em>Stechuhr<\/em>, dramatischen <em>Paukenschlag<\/em> oder f<em>austdicke \u00dcberraschungen<\/em>.<\/p>\n<p style=\"text-align: center;\">\u2295 \u2295 \u2295<\/p>\n<hr \/>\n<p><em>Als Freelancer recherchiere ich regelm\u00e4\u00dfig zu gesellschaftlichen Themen und verfasse im Auftrag Dritter Sachtexte wie diesen. Falls auch Sie einen Ghostwriter f\u00fcr Texte suchen, kontaktieren Sie mich einfach \u00fcber den Men\u00fcpunkt Freelancer Text.<\/em><\/p>\n","protected":false},"excerpt":{"rendered":"<p>Wie man es dreht und wendet: Von einem \u00fcberst\u00fcrzten Reagieren auf das EuGH-Urteil von 2019 kann jedenfalls nicht die Rede sein. Das politische Aussitzen hat seinerzeit lediglich einen Aufschub bei der Umsetzung von dessen Vorgaben gebracht. Faustdick \u00fcberraschen sollten das BAG-Urteil und dessen Schlussfolgerungen deshalb niemanden mehr, es sei denn, man hatte \u00fcberhaupt nicht mehr &hellip; <\/p>\n<p class=\"link-more\"><a href=\"https:\/\/holger-montag.de\/?p=1083\" class=\"more-link\"><span class=\"screen-reader-text\">\u201ePotzblitz, eine generelle Zeiterfassung?!? (Teil 6)\u201c<\/span> weiterlesen<\/a><\/p>\n","protected":false},"author":1,"featured_media":0,"comment_status":"open","ping_status":"open","sticky":false,"template":"","format":"standard","meta":{"footnotes":""},"categories":[11,53],"tags":[160,10,163,9,45,157,158,100,164,7,6,8],"class_list":["post-1083","post","type-post","status-publish","format-standard","hentry","category-arbeitsleben","category-gesellschaft","tag-arbeitszeit","tag-arbeitszeiterfassung","tag-arbeitszeitgesetz","tag-arbeitszeitkonto","tag-arbeitszeitmodell","tag-bag","tag-bundesarbeitsgericht","tag-bundesregierung","tag-stechuhr","tag-vertrauensarbeitszeit","tag-zeiterfassung","tag-zeitkonto"],"_links":{"self":[{"href":"https:\/\/holger-montag.de\/index.php?rest_route=\/wp\/v2\/posts\/1083","targetHints":{"allow":["GET"]}}],"collection":[{"href":"https:\/\/holger-montag.de\/index.php?rest_route=\/wp\/v2\/posts"}],"about":[{"href":"https:\/\/holger-montag.de\/index.php?rest_route=\/wp\/v2\/types\/post"}],"author":[{"embeddable":true,"href":"https:\/\/holger-montag.de\/index.php?rest_route=\/wp\/v2\/users\/1"}],"replies":[{"embeddable":true,"href":"https:\/\/holger-montag.de\/index.php?rest_route=%2Fwp%2Fv2%2Fcomments&post=1083"}],"version-history":[{"count":1,"href":"https:\/\/holger-montag.de\/index.php?rest_route=\/wp\/v2\/posts\/1083\/revisions"}],"predecessor-version":[{"id":1084,"href":"https:\/\/holger-montag.de\/index.php?rest_route=\/wp\/v2\/posts\/1083\/revisions\/1084"}],"wp:attachment":[{"href":"https:\/\/holger-montag.de\/index.php?rest_route=%2Fwp%2Fv2%2Fmedia&parent=1083"}],"wp:term":[{"taxonomy":"category","embeddable":true,"href":"https:\/\/holger-montag.de\/index.php?rest_route=%2Fwp%2Fv2%2Fcategories&post=1083"},{"taxonomy":"post_tag","embeddable":true,"href":"https:\/\/holger-montag.de\/index.php?rest_route=%2Fwp%2Fv2%2Ftags&post=1083"}],"curies":[{"name":"wp","href":"https:\/\/api.w.org\/{rel}","templated":true}]}}