{"id":1081,"date":"2022-10-02T12:58:56","date_gmt":"2022-10-02T12:58:56","guid":{"rendered":"http:\/\/www.holger-montag.de\/?p=1081"},"modified":"2022-10-02T12:58:56","modified_gmt":"2022-10-02T12:58:56","slug":"potzblitz-eine-generelle-zeiterfassung-teil-5","status":"publish","type":"post","link":"https:\/\/holger-montag.de\/?p=1081","title":{"rendered":"Potzblitz, eine generelle Zeiterfassung?!? (Teil 5)"},"content":{"rendered":"<p>In einer ersten Stellungnahme formuliert das BAG recht eindeutig, Arbeitgeber seien &#8222;gesetzlich verpflichtet, die Arbeitszeiten der Arbeitnehmer zu erfassen&#8220;. Das EuGH-Urteil von 2019 lasse Deutschland lediglich Gestaltungsspielraum &#8222;\u00fcber das <em>Wie<\/em>, nicht das <em>Ob<\/em> der Arbeitszeiterfassung&#8220;, erg\u00e4nzte die Pr\u00e4sidentin des Bundesarbeitsgerichts, Inken Gallner.<\/p>\n<h2>Wo ein Gesetz ist, ist auch eine Sanktion<\/h2>\n<p>Sollte das Arbeitszeitgesetz die erwartete Anpassung um die generelle Zeiterfassung erfahren, sind laut Bernd R\u00fctzel (SPD), Vorsitzender des Arbeits- und Sozialausschusses im Bundestag, weitere Schritte notwendig: &#8222;Wenn die Arbeitszeiterfassung Pflicht ist, dann muss es f\u00fcr Verst\u00f6\u00dfe auch Sanktionen geben.&#8220;<\/p>\n<p>In der Vergangenheit seien beispielsweise Manipulationen bei der Protokollierung der Arbeitszeiten von Mindestl\u00f6hnern allzu leicht m\u00f6glich gewesen. Ihnen sollte durch strengere gesetzliche Vorgaben begegnet werden.<\/p>\n<h2>Die Jahre zwischen EuGH- und BAG-Urteil<\/h2>\n<p>Nicht nur auf die Politik wartet noch viel Arbeit. Arbeitnehmer werden sich in vielerlei Hinsicht umstellen und Arbeitgeber zum Teil hohe Mehrkosten in Kauf nehmen m\u00fcssen. F\u00fcr viele d\u00fcrfte dies angesichts der zum 1. Oktober 2022 erfolgten Anhebung des Mindestlohns auf 12 Euro und der gegenw\u00e4rtig in beunruhigendem Ma\u00dfe steigenden Energiekosten eine erhebliche Mehrbelastung darstellen.<\/p>\n<p>Vieles hat sich seit dem EuGH-Urteil 2019 ge\u00e4ndert. Das Ausma\u00df der wirtschaftlichen Folgen der Corona-Jahre ist noch immer nicht g\u00e4nzlich abzusehen und aktuell treiben die Begleitumst\u00e4nde des Krieges in der Ukraine die Energie- und Produktionskosten der Unternehmen in die H\u00f6he.<\/p>\n<h2>Jammern vor allem auf hohem Niveau<\/h2>\n<p>Interessanterweise klagen aber nicht die ohnehin in ihrer Existenz bedrohten Kleinunternehmer, sondern vor allem die Gro\u00dfkonzerne \u00fcber eine &#8222;aufdiktierte&#8220; Arbeitszeiterfassung. Dabei wird die Anschaffung von Zeiterfassungssystemen bei ihnen finanziell weitaus weniger ins Gewicht fallen.<\/p>\n<p>Dennoch: Die angez\u00e4hlte Wirtschaft ben\u00f6tigt dringend positive Impulse, zumal sich viele Menschen noch immer in Kurzarbeit befinden \u2013 alles andere als ein g\u00fcnstiger Zeitpunkt f\u00fcr die Einf\u00fchrung einer generellen Arbeitszeiterfassung.<\/p>\n<p>Oder genau der richtige angesichts immer mehr Niedriglohn-Jobs auf Stundenbasis?<\/p>\n<p>&nbsp;<\/p>\n<p>***Wie aber kann dem EuGH-Urteil von 2019 entsprochen werden? Ist eine Wiedereinf\u00fchrung von Stechuhren realistisch, wie manche bef\u00fcrchten? Der sechste und letzte Teil dieses Blog-Artikels rundet das Thema (vorl\u00e4ufig) ab.***<\/p>\n<hr \/>\n<p><em>Als Freelancer recherchiere ich regelm\u00e4\u00dfig zu gesellschaftlichen Themen und verfasse im Auftrag Dritter Sachtexte wie diesen. Falls auch Sie einen Ghostwriter f\u00fcr Texte suchen, kontaktieren Sie mich einfach \u00fcber den Men\u00fcpunkt Freelancer Text.<\/em><\/p>\n","protected":false},"excerpt":{"rendered":"<p>In einer ersten Stellungnahme formuliert das BAG recht eindeutig, Arbeitgeber seien &#8222;gesetzlich verpflichtet, die Arbeitszeiten der Arbeitnehmer zu erfassen&#8220;. Das EuGH-Urteil von 2019 lasse Deutschland lediglich Gestaltungsspielraum &#8222;\u00fcber das Wie, nicht das Ob der Arbeitszeiterfassung&#8220;, erg\u00e4nzte die Pr\u00e4sidentin des Bundesarbeitsgerichts, Inken Gallner. Wo ein Gesetz ist, ist auch eine Sanktion Sollte das Arbeitszeitgesetz die erwartete &hellip; <\/p>\n<p class=\"link-more\"><a href=\"https:\/\/holger-montag.de\/?p=1081\" class=\"more-link\"><span class=\"screen-reader-text\">\u201ePotzblitz, eine generelle Zeiterfassung?!? (Teil 5)\u201c<\/span> weiterlesen<\/a><\/p>\n","protected":false},"author":1,"featured_media":0,"comment_status":"open","ping_status":"open","sticky":false,"template":"","format":"standard","meta":{"footnotes":""},"categories":[11,53],"tags":[160,10,163,9,45,157,158,100,164,7,6,8],"class_list":["post-1081","post","type-post","status-publish","format-standard","hentry","category-arbeitsleben","category-gesellschaft","tag-arbeitszeit","tag-arbeitszeiterfassung","tag-arbeitszeitgesetz","tag-arbeitszeitkonto","tag-arbeitszeitmodell","tag-bag","tag-bundesarbeitsgericht","tag-bundesregierung","tag-stechuhr","tag-vertrauensarbeitszeit","tag-zeiterfassung","tag-zeitkonto"],"_links":{"self":[{"href":"https:\/\/holger-montag.de\/index.php?rest_route=\/wp\/v2\/posts\/1081","targetHints":{"allow":["GET"]}}],"collection":[{"href":"https:\/\/holger-montag.de\/index.php?rest_route=\/wp\/v2\/posts"}],"about":[{"href":"https:\/\/holger-montag.de\/index.php?rest_route=\/wp\/v2\/types\/post"}],"author":[{"embeddable":true,"href":"https:\/\/holger-montag.de\/index.php?rest_route=\/wp\/v2\/users\/1"}],"replies":[{"embeddable":true,"href":"https:\/\/holger-montag.de\/index.php?rest_route=%2Fwp%2Fv2%2Fcomments&post=1081"}],"version-history":[{"count":1,"href":"https:\/\/holger-montag.de\/index.php?rest_route=\/wp\/v2\/posts\/1081\/revisions"}],"predecessor-version":[{"id":1082,"href":"https:\/\/holger-montag.de\/index.php?rest_route=\/wp\/v2\/posts\/1081\/revisions\/1082"}],"wp:attachment":[{"href":"https:\/\/holger-montag.de\/index.php?rest_route=%2Fwp%2Fv2%2Fmedia&parent=1081"}],"wp:term":[{"taxonomy":"category","embeddable":true,"href":"https:\/\/holger-montag.de\/index.php?rest_route=%2Fwp%2Fv2%2Fcategories&post=1081"},{"taxonomy":"post_tag","embeddable":true,"href":"https:\/\/holger-montag.de\/index.php?rest_route=%2Fwp%2Fv2%2Ftags&post=1081"}],"curies":[{"name":"wp","href":"https:\/\/api.w.org\/{rel}","templated":true}]}}