{"id":1077,"date":"2022-10-02T12:33:25","date_gmt":"2022-10-02T12:33:25","guid":{"rendered":"http:\/\/www.holger-montag.de\/?p=1077"},"modified":"2022-10-02T12:33:25","modified_gmt":"2022-10-02T12:33:25","slug":"potzblitz-eine-generelle-zeiterfassung-teil-3","status":"publish","type":"post","link":"https:\/\/holger-montag.de\/?p=1077","title":{"rendered":"Potzblitz, eine generelle Zeiterfassung?!? (Teil 3)"},"content":{"rendered":"<h2>EuGH-Urteil: Blo\u00df eine Empfehlung?<\/h2>\n<p>Mit der Folge, dass das zur Zeit des EuGH-Urteils 2019 regierende schwarz-rote Kabinett &#8222;Merkel IV&#8220; eine Entscheidung f\u00fcr Deutschland erstmal vertagte \u2013 sehr zur Erleichterung der Arbeitgeber, f\u00fcr die eine generelle Arbeitszeiterfassung mit h\u00f6herem finanziellem und organisatorischem Aufwand verbunden w\u00e4re.<\/p>\n<p>Unbestreitbar ist etwa die Tatsache, dass sich Systeme zur Arbeitszeiterfassung in vielen Unternehmen nicht so einfach von einem auf den anderen Tag umsetzen lassen. Dieser Umstand wurde allerdings selten thematisiert. Stattdessen verstiegen sich die Arbeitgebervertreter bereits 2019 zu emp\u00f6rten und \u00fcbertriebenen Schm\u00e4hrufen und sprachen im Zusammenhang mit einer generellen Arbeitszeiterfassung gar von einem &#8222;R\u00fcckfall in die Steinzeit&#8220;.<\/p>\n<p>Der damalige Bundeswirtschaftsminister Peter Altmaier (CDU) interpretierte das EuGH-Urteil lediglich als <em>Empfehlung<\/em>, weshalb er anregte, zun\u00e4chst die Frage nach einem konkreten Umsetzungsbedarf zu kl\u00e4ren. Eine offizielle Stellungnahme erfolgte \u00fcbrigens vor dem Regierungswechsel im Jahr 2021 nicht mehr.<\/p>\n<h2>Abgewatscht<\/h2>\n<p>Mit seinem Grundsatzurteil vom 13. September 2022 (Aktenzeichen BAG 1 ABR 22\/21) stellt das Bundesarbeitsgericht (BAG) nun klar, dass die EuGH-Vorgaben von 2019 keineswegs eine <em>Empfehlung<\/em>, sondern eine r<em>echtlich verbindliche Regelung<\/em> darstellen.<\/p>\n<p>Laut Inken Gallner, Pr\u00e4sidentin des Bundesarbeitsgerichts, bestehe daher l\u00e4ngst die gesetzliche Verpflichtung von Arbeitgebern zur systematischen Erfassung der Arbeitszeiten ihrer Besch\u00e4ftigten, wenn man das deutsche Arbeitsschutzgesetz nach dem EuGH-Urteil auslege.<\/p>\n<h2>Die Ampel und das Arbeitszeitgesetz<\/h2>\n<p>Wobei Zeiterfassung in vielen Branchen ohnehin \u00fcblich ist. Mitarbeiter in Krankenh\u00e4usern und bei Rettungsdiensten beispielsweise dokumentieren ihre Arbeitszeiten schon seit langem. Andere EU-L\u00e4nder wie Spanien, \u00d6sterreich und Italien haben sie bereits generell zur Pflicht gemacht.<\/p>\n<p>Auch die Ampelregierung unter Kanzler Olaf Scholz (SPD) m\u00f6chte nachziehen und hat im Koalitionsvertrag den Entwurf f\u00fcr eine \u00c4nderung des Arbeitszeitgesetzes vorgesehen.<\/p>\n<p>&nbsp;<\/p>\n<p>***Bedeutet dies das Ende der Vertrauensarbeitszeit, wie von der Arbeitgeberseite postuliert? Teil 4 dieses Beitrags geht in die Tiefe.***<\/p>\n<hr \/>\n<p><em>Als Freelancer recherchiere ich regelm\u00e4\u00dfig zu gesellschaftlichen Themen und verfasse im Auftrag Dritter Sachtexte wie diesen. Falls auch Sie einen Ghostwriter f\u00fcr Texte suchen, kontaktieren Sie mich einfach \u00fcber den Men\u00fcpunkt Freelancer Text.<\/em><\/p>\n","protected":false},"excerpt":{"rendered":"<p>EuGH-Urteil: Blo\u00df eine Empfehlung? Mit der Folge, dass das zur Zeit des EuGH-Urteils 2019 regierende schwarz-rote Kabinett &#8222;Merkel IV&#8220; eine Entscheidung f\u00fcr Deutschland erstmal vertagte \u2013 sehr zur Erleichterung der Arbeitgeber, f\u00fcr die eine generelle Arbeitszeiterfassung mit h\u00f6herem finanziellem und organisatorischem Aufwand verbunden w\u00e4re. Unbestreitbar ist etwa die Tatsache, dass sich Systeme zur Arbeitszeiterfassung in &hellip; <\/p>\n<p class=\"link-more\"><a href=\"https:\/\/holger-montag.de\/?p=1077\" class=\"more-link\"><span class=\"screen-reader-text\">\u201ePotzblitz, eine generelle Zeiterfassung?!? (Teil 3)\u201c<\/span> weiterlesen<\/a><\/p>\n","protected":false},"author":1,"featured_media":0,"comment_status":"open","ping_status":"open","sticky":false,"template":"","format":"standard","meta":{"footnotes":""},"categories":[11,53],"tags":[160,10,163,9,45,157,158,100,164,7,6,8],"class_list":["post-1077","post","type-post","status-publish","format-standard","hentry","category-arbeitsleben","category-gesellschaft","tag-arbeitszeit","tag-arbeitszeiterfassung","tag-arbeitszeitgesetz","tag-arbeitszeitkonto","tag-arbeitszeitmodell","tag-bag","tag-bundesarbeitsgericht","tag-bundesregierung","tag-stechuhr","tag-vertrauensarbeitszeit","tag-zeiterfassung","tag-zeitkonto"],"_links":{"self":[{"href":"https:\/\/holger-montag.de\/index.php?rest_route=\/wp\/v2\/posts\/1077","targetHints":{"allow":["GET"]}}],"collection":[{"href":"https:\/\/holger-montag.de\/index.php?rest_route=\/wp\/v2\/posts"}],"about":[{"href":"https:\/\/holger-montag.de\/index.php?rest_route=\/wp\/v2\/types\/post"}],"author":[{"embeddable":true,"href":"https:\/\/holger-montag.de\/index.php?rest_route=\/wp\/v2\/users\/1"}],"replies":[{"embeddable":true,"href":"https:\/\/holger-montag.de\/index.php?rest_route=%2Fwp%2Fv2%2Fcomments&post=1077"}],"version-history":[{"count":1,"href":"https:\/\/holger-montag.de\/index.php?rest_route=\/wp\/v2\/posts\/1077\/revisions"}],"predecessor-version":[{"id":1078,"href":"https:\/\/holger-montag.de\/index.php?rest_route=\/wp\/v2\/posts\/1077\/revisions\/1078"}],"wp:attachment":[{"href":"https:\/\/holger-montag.de\/index.php?rest_route=%2Fwp%2Fv2%2Fmedia&parent=1077"}],"wp:term":[{"taxonomy":"category","embeddable":true,"href":"https:\/\/holger-montag.de\/index.php?rest_route=%2Fwp%2Fv2%2Fcategories&post=1077"},{"taxonomy":"post_tag","embeddable":true,"href":"https:\/\/holger-montag.de\/index.php?rest_route=%2Fwp%2Fv2%2Ftags&post=1077"}],"curies":[{"name":"wp","href":"https:\/\/api.w.org\/{rel}","templated":true}]}}