{"id":1075,"date":"2022-10-02T12:20:49","date_gmt":"2022-10-02T12:20:49","guid":{"rendered":"http:\/\/www.holger-montag.de\/?p=1075"},"modified":"2022-10-02T13:11:27","modified_gmt":"2022-10-02T13:11:27","slug":"potzblitz-eine-generelle-zeiterfassung-teil-2","status":"publish","type":"post","link":"https:\/\/holger-montag.de\/?p=1075","title":{"rendered":"Potzblitz, eine generelle Zeiterfassung?!? (Teil 2)"},"content":{"rendered":"<h2>Nur keine Panik!<\/h2>\n<p>Es ist nicht das Urteil, sondern dieser Passus am Rande, der nun bundesweit f\u00fcr Diskussionen, Entr\u00fcstung und Unverst\u00e4ndnis, ja, bisweilen sogar f\u00fcr Panik sorgt. Denn er besagt, dass nach Auffassung des Bundesarbeitsgerichts (BAG) l\u00e4ngst eine gesetzliche Vorgabe zur Einf\u00fchrung einer generellen Erfassung geleisteter Arbeitszeiten besteht.<\/p>\n<hr \/>\n<h2><span style=\"color: #808080;\">Zwischeninfo: Die Zeiterfassung im Arbeitszeitgesetz<\/span><\/h2>\n<p><span style=\"color: #808080;\">Entscheidend ist hier das Wort &#8222;generell&#8220;. Denn partiell besteht bereits eine gesetzliche Pflicht zur Erfassung bestimmter geleisteter Arbeitsstunden. Das deutsche Arbeitszeitgesetz (\u00a716 ArbZG) sieht bislang allerdings nur vor, dass <strong>\u00dcberstunden<\/strong> aufgezeichnet werden m\u00fcssen, &#8222;die \u00fcber die werkt\u00e4gliche Arbeitszeit des \u00a7 3 Satz 1 hinausgehende Arbeitszeit der Arbeitnehmer&#8220; hinausgehen. Allerdings steht seit Jahren die Frage im Raum, wie man \u00dcberstunden dokumentieren soll, wenn die geleisteten Arbeitszeiten selbst nicht festgehalten werden.<\/span><\/p>\n<hr \/>\n<p>Zur Erkl\u00e4rung der BAG-Einsch\u00e4tzung muss man ein wenig ausholen und ins Jahr 2019 zur\u00fcckblicken. Am 14.05.2019 entschied der Europ\u00e4ische Gerichtshof (EuGH) in Luxemburg, dass die EU-Mitgliedstaaten die Arbeitgeber zur Einrichtung eines &#8222;objektiven, verl\u00e4sslichen und zug\u00e4nglichen Systems&#8220; zur Erfassung der geleisteten t\u00e4glichen Arbeitszeit verpflichten m\u00fcssen.<\/p>\n<hr \/>\n<h2><span style=\"color: #808080;\">In diesem Blog: Das EuGH-Urteil von 2019<\/span><\/h2>\n<p><span style=\"color: #808080;\">\u00dcber das EuGH-Urteil hatte ich bereits in einem <a href=\"http:\/\/www.holger-montag.de\/?p=708\">Blog-Beitrag<\/a> berichtet. In ihm k\u00f6nnen Sie die Hintergr\u00fcnde des damaligen Urteils sowie die Reaktionen hierauf nachlesen.<\/span><\/p>\n<hr \/>\n<h2>Keine Frist \u2013 keine Entscheidung<\/h2>\n<p>Ein rechtskr\u00e4ftiges, aber zun\u00e4chst folgenloses Urteil. Der Europ\u00e4ische Gerichtshof manifestierte damit zwar das Grundrecht von Arbeitnehmern auf Einhaltung und Dokumentation von H\u00f6chstarbeitszeitgrenzen und Ruhezeiten. Und befand, dass hierzu die Einf\u00fchrung eines Arbeitszeiterfassungssystems notwendig sei.<\/p>\n<p>Gleichzeitig stellte der EuGH jedoch den EU-Mitgliedsstaaten das <em>Wie<\/em> in der nationalen Umsetzung frei, sprich: die \u00c4nderung von rechtlichen Regelungen wie dem Arbeitszeit- oder dem Arbeitsschutzgesetz. Auch wurde keine Frist f\u00fcr die Umsetzung benannt.<\/p>\n<p>&nbsp;<\/p>\n<p>***Das klingt doch recht verbindlich. Sicher hatte sich die Regierung um Kanzlerin Angela Merkel bereits Gedanken dar\u00fcber gemacht, wie und bis wann das EuGH-Urteil umzusetzen sei, oder? Teil 3 dieses Artikels kl\u00e4rt Sie auf.***<\/p>\n<hr \/>\n<p><em>Als Freelancer recherchiere ich regelm\u00e4\u00dfig zu gesellschaftlichen Themen und verfasse im Auftrag Dritter Sachtexte wie diesen. Falls auch Sie einen Ghostwriter f\u00fcr Texte suchen, kontaktieren Sie mich einfach \u00fcber den Men\u00fcpunkt Freelancer Text.<\/em><\/p>\n","protected":false},"excerpt":{"rendered":"<p>Nur keine Panik! Es ist nicht das Urteil, sondern dieser Passus am Rande, der nun bundesweit f\u00fcr Diskussionen, Entr\u00fcstung und Unverst\u00e4ndnis, ja, bisweilen sogar f\u00fcr Panik sorgt. Denn er besagt, dass nach Auffassung des Bundesarbeitsgerichts (BAG) l\u00e4ngst eine gesetzliche Vorgabe zur Einf\u00fchrung einer generellen Erfassung geleisteter Arbeitszeiten besteht. Zwischeninfo: Die Zeiterfassung im Arbeitszeitgesetz Entscheidend ist &hellip; <\/p>\n<p class=\"link-more\"><a href=\"https:\/\/holger-montag.de\/?p=1075\" class=\"more-link\"><span class=\"screen-reader-text\">\u201ePotzblitz, eine generelle Zeiterfassung?!? (Teil 2)\u201c<\/span> weiterlesen<\/a><\/p>\n","protected":false},"author":1,"featured_media":0,"comment_status":"open","ping_status":"open","sticky":false,"template":"","format":"standard","meta":{"footnotes":""},"categories":[11,53],"tags":[160,10,163,9,45,157,158,100,164,7,6,8],"class_list":["post-1075","post","type-post","status-publish","format-standard","hentry","category-arbeitsleben","category-gesellschaft","tag-arbeitszeit","tag-arbeitszeiterfassung","tag-arbeitszeitgesetz","tag-arbeitszeitkonto","tag-arbeitszeitmodell","tag-bag","tag-bundesarbeitsgericht","tag-bundesregierung","tag-stechuhr","tag-vertrauensarbeitszeit","tag-zeiterfassung","tag-zeitkonto"],"_links":{"self":[{"href":"https:\/\/holger-montag.de\/index.php?rest_route=\/wp\/v2\/posts\/1075","targetHints":{"allow":["GET"]}}],"collection":[{"href":"https:\/\/holger-montag.de\/index.php?rest_route=\/wp\/v2\/posts"}],"about":[{"href":"https:\/\/holger-montag.de\/index.php?rest_route=\/wp\/v2\/types\/post"}],"author":[{"embeddable":true,"href":"https:\/\/holger-montag.de\/index.php?rest_route=\/wp\/v2\/users\/1"}],"replies":[{"embeddable":true,"href":"https:\/\/holger-montag.de\/index.php?rest_route=%2Fwp%2Fv2%2Fcomments&post=1075"}],"version-history":[{"count":3,"href":"https:\/\/holger-montag.de\/index.php?rest_route=\/wp\/v2\/posts\/1075\/revisions"}],"predecessor-version":[{"id":1087,"href":"https:\/\/holger-montag.de\/index.php?rest_route=\/wp\/v2\/posts\/1075\/revisions\/1087"}],"wp:attachment":[{"href":"https:\/\/holger-montag.de\/index.php?rest_route=%2Fwp%2Fv2%2Fmedia&parent=1075"}],"wp:term":[{"taxonomy":"category","embeddable":true,"href":"https:\/\/holger-montag.de\/index.php?rest_route=%2Fwp%2Fv2%2Fcategories&post=1075"},{"taxonomy":"post_tag","embeddable":true,"href":"https:\/\/holger-montag.de\/index.php?rest_route=%2Fwp%2Fv2%2Ftags&post=1075"}],"curies":[{"name":"wp","href":"https:\/\/api.w.org\/{rel}","templated":true}]}}